{"id":23,"count":33,"description":"[:pt]A Extens\u00e3o Universit\u00e1ria \u00e9 um processo interdisciplinar educativo, cultural e cient\u00edfico que articula o Ensino e a Pesquisa de forma indissoci\u00e1vel e viabiliza a rela\u00e7\u00e3o transformadora entre Universidade e Sociedade. \u00c9 por meio da extens\u00e3o que ocorre a aproxima\u00e7\u00e3o, a integra\u00e7\u00e3o e a parceria da universidade e da comunidade, da ci\u00eancia e dos saberes popular e cultural, resultando em novos conhecimentos para a sociedade.\r\n\r\nEsta \u00e1rea integra a oferta pedag\u00f3gica em ALV concebida pelos Departamentos da Universidade Aberta (de autoria departamental, interdepartamental ou individual) dirigida, em particular, \u00e0 presta\u00e7\u00e3o de servi\u00e7os \u00e0 comunidade, designadamente em articula\u00e7\u00e3o com as atividades dos Centros Locais de Aprendizagem da UAb. Pode materializar-se, entre outros, atrav\u00e9s de cursos livres, cursos de ver\u00e3o ou sazonais, palestras e confer\u00eancias, programas e eventos culturais, col\u00f3quios e congressos.[:]","link":"https:\/\/portal.uab.pt\/alv\/programasalv\/extensao-universitaria-e-cultural\/","name":"Extens\u00e3o Universit\u00e1ria e Cultural","slug":"extensao-universitaria-e-cultural","taxonomy":"programasALV","parent":0,"meta":[],"_links":{"self":[{"href":"https:\/\/portal.uab.pt\/alv\/wp-json\/wp\/v2\/programasALV\/23","targetHints":{"allow":["GET"]}}],"collection":[{"href":"https:\/\/portal.uab.pt\/alv\/wp-json\/wp\/v2\/programasALV"}],"about":[{"href":"https:\/\/portal.uab.pt\/alv\/wp-json\/wp\/v2\/taxonomies\/programasALV"}],"wp:post_type":[{"href":"https:\/\/portal.uab.pt\/alv\/wp-json\/wp\/v2\/cursos_alv?programasALV=23"}],"curies":[{"name":"wp","href":"https:\/\/api.w.org\/{rel}","templated":true}]}}