{"id":11601,"date":"2024-11-29T10:32:23","date_gmt":"2024-11-29T10:32:23","guid":{"rendered":"https:\/\/portal.uab.pt\/dsd\/?p=11601"},"modified":"2024-11-29T15:07:57","modified_gmt":"2024-11-29T15:07:57","slug":"novos-recursos-no-acervo-dezembro-2024","status":"publish","type":"post","link":"https:\/\/portal.uab.pt\/dsd\/novos-recursos-no-acervo-dezembro-2024\/","title":{"rendered":"Novos recursos no acervo &#8211; dezembro 2024"},"content":{"rendered":"<p>&nbsp;<\/p>\n<h2 style=\"text-align: center\"><strong>EDUCA\u00c7\u00c3O &#8211; FORMA\u00c7\u00c3O DE PROFESSORES &#8211; PEDAGOGIA<\/strong><\/h2>\n<p>&nbsp;<\/p>\n<p><a href=\"https:\/\/catalogo.biblioteca.uab.pt\/cgi-bin\/koha\/opac-detail.pl?biblionumber=46060&amp;q=Escola%20e%20autocuidado%20:%20fundamentos%20e%20pr%C3%A1ticas%20para%20humanizar%20a%20educa%C3%A7%C3%A3o%20com%20base%20no%20eneagrama\"><strong>Escola e autocuidado : fundamentos e pr\u00e1ticas para humanizar a educa\u00e7\u00e3o com base no eneagrama \/ Jacinto Jardim<\/strong><\/a><\/p>\n<p><a href=\"https:\/\/catalogo.biblioteca.uab.pt\/cgi-bin\/koha\/opac-detail.pl?biblionumber=46055\"><strong>XXXII Encontro da Associa\u00e7\u00e3o das Universidades de L\u00edngua Portuguesa : Ambiente, economia azul e educa\u00e7\u00e3o \/ Cristina Montalv\u00e3o Sarmento, Pedro Correia Anjos<\/strong><\/a><\/p>\n<p><strong>\u00a0<\/strong><\/p>\n<h2 style=\"text-align: center\"><strong>ESTUDOS SOBRE AS MULHERES<\/strong><\/h2>\n<p>&nbsp;<\/p>\n<p><a href=\"https:\/\/catalogo.biblioteca.uab.pt\/cgi-bin\/koha\/opac-detail.pl?biblionumber=46061&amp;q=Mulheres%20refugiadas%20em%20Portugal%20:%20de%20casa%20para%20um%20lugar%20qualquer\"><strong>Mulheres refugiadas em Portugal : de casa para um lugar qualquer \/ Francisca Gorj\u00e3o Henriques<\/strong><\/a><\/p>\n<p><strong>\u00a0<\/strong><\/p>\n<h2 style=\"text-align: center\"><strong>ECONOMIA\u00a0 &#8211; POL\u00cdTICA<\/strong><\/h2>\n<p>&nbsp;<\/p>\n<p><a href=\"https:\/\/catalogo.biblioteca.uab.pt\/cgi-bin\/koha\/opac-detail.pl?biblionumber=46039\"><strong>Boletim de ci\u00eancias econ\u00f3micas : homenagem ao Prof. Doutor Manuel Carlos Lopes Porto \/ dir. Lu\u00eds Pedro Cunha ; org. Matilde Lavouras, Jo\u00e3o Nogueira de Almeida, Victor Calvete&#8230;[et al.]<\/strong><\/a><\/p>\n<p><strong>\u00a0<\/strong><\/p>\n<h2 style=\"text-align: center\"><strong>HIST\u00d3RIA<\/strong><\/h2>\n<p><a href=\"https:\/\/catalogo.biblioteca.uab.pt\/cgi-bin\/koha\/opac-detail.pl?biblionumber=46221\"><strong>Ant\u00f3nio Aniceto Monteiro : uma fotobiografia a v\u00e1rias vozes : una fotob\u00edograf\u00eda a varias voces \/ coord. Jorge Rezende, Luiz Monteiro, Elza Amaral<\/strong><\/a><\/p>\n<p><a href=\"https:\/\/catalogo.biblioteca.uab.pt\/cgi-bin\/koha\/opac-detail.pl?biblionumber=46058\"><strong>Monografia do concelho de Alfandega da F\u00e9 \/ Jo\u00e3o Baptisa Vilares ; introd., bioblibiografia e notas de reed. de Francisco Jos\u00e9 Lopes<\/strong><\/a><\/p>\n<p><a href=\"https:\/\/catalogo.biblioteca.uab.pt\/cgi-bin\/koha\/opac-detail.pl?biblionumber=46159\"><strong>Rela\u00e7\u00f5es entre Portugal e o Si\u00e3o (1782-1939) \/ Miguel Castelo-Branco<\/strong><\/a><\/p>\n<p><strong>\u00a0<\/strong><\/p>\n<h2 style=\"text-align: center\"><strong>INTELIG\u00caNCIA ARTIFICIAL<\/strong><\/h2>\n<p><strong>\u00a0<\/strong><\/p>\n<p><a href=\"https:\/\/catalogo.biblioteca.uab.pt\/cgi-bin\/koha\/opac-detail.pl?biblionumber=46164\"><strong>Artificial intelligence and smart environment : ICAISE\u20192022 \/ Yousef Farhaoui, Alvaro Rocha, Zouhaier Brahmia&#8230;[et al.]<\/strong><\/a><\/p>\n<p><a href=\"https:\/\/catalogo.biblioteca.uab.pt\/cgi-bin\/koha\/opac-detail.pl?biblionumber=46165\"><strong>Big data analytics for cyber-physical system in smart city : BDCPS 2019 \/ Mohammed Atiquzzaman, Neil Yen, Zheng Xu<\/strong><\/a><\/p>\n<p><a href=\"https:\/\/catalogo.biblioteca.uab.pt\/cgi-bin\/koha\/opac-detail.pl?biblionumber=46169\"><strong>Building for the future : durable, sustainable, resilient : proceedings of the fib Symposium 2023 \/ Alper Ilki, Derya \u00c7avunt, Yavuz Selim \u00c7avunt<\/strong><\/a><\/p>\n<p><a href=\"https:\/\/catalogo.biblioteca.uab.pt\/cgi-bin\/koha\/opac-detail.pl?biblionumber=46182\"><strong>Cooperation and sustainable development \/ Aleksei V. Bogoviz, Alexender E. Suglobov, Alexander N. Maloletko&#8230;[et al.]<\/strong><\/a><\/p>\n<p><a href=\"https:\/\/catalogo.biblioteca.uab.pt\/cgi-bin\/koha\/opac-detail.pl?biblionumber=46172\"><strong>Design in the Era of Industry 4.0 : proceedings of ICoRD 2023 \/ Amaresh Chakrabarti, Vishal Singh<\/strong><\/a><\/p>\n<p><a href=\"https:\/\/catalogo.biblioteca.uab.pt\/cgi-bin\/koha\/opac-detail.pl?biblionumber=46173\"><strong>Digital technologies and applications : proceedings of ICDTA\u201923 \/ Saad Motahhir, Badre Bossoufi<\/strong><\/a><\/p>\n<p><a href=\"https:\/\/catalogo.biblioteca.uab.pt\/cgi-bin\/koha\/opac-detail.pl?biblionumber=46174\"><strong>Human interaction, emerging technologies and future : systems V \/ Tareq Ahram, Redha Taiar<\/strong><\/a><\/p>\n<p><a href=\"https:\/\/catalogo.biblioteca.uab.pt\/cgi-bin\/koha\/opac-detail.pl?biblionumber=46175\"><strong>Intelligent computing &amp; optimization [Documento eletr\u00f3nico] \/ Pandian Vasant, Gerhard-Wilhelm Weber, Jos\u00e9 Antonio Marmolejo-Saucedo&#8230;[et al.]<\/strong><\/a><\/p>\n<p><a href=\"https:\/\/catalogo.biblioteca.uab.pt\/cgi-bin\/koha\/opac-detail.pl?biblionumber=46176\"><strong>International RILEM conference on synergising expertise towards sustainability and robustness of cement-based materials and concrete structures [SynerCrete\u201923] \/ Agnieszka J\u0119drzejewska, Fragkoulis Kanavaris, Miguel Azenha&#8230;[et al.]<\/strong><\/a><\/p>\n<p><a href=\"https:\/\/catalogo.biblioteca.uab.pt\/cgi-bin\/koha\/opac-detail.pl?biblionumber=46177\"><strong>Learning in the age of digital and green transition \/ Michael E. Auer, Wolfgang Pachatz, Tiia R\u00fc\u00fctmann<\/strong><\/a><\/p>\n<p><a href=\"https:\/\/catalogo.biblioteca.uab.pt\/cgi-bin\/koha\/opac-detail.pl?biblionumber=46178\"><strong>Mobility for smart cities and regional development : challenges for higher education \/ Michael E. Auer, Hanno Hortsch, Oliver Michler&#8230;[et al.]<\/strong><\/a><\/p>\n<p><a href=\"https:\/\/catalogo.biblioteca.uab.pt\/cgi-bin\/koha\/opac-detail.pl?biblionumber=46179\"><strong>Proceedings of the International Conference on Ubiquitous Computing &amp; Ambient Intelligence (UCAmI 2022) \/ Jos\u00e9 Bravo, Sergio Ochoa, Jes\u00fas Favela<\/strong><\/a><\/p>\n<p><a href=\"https:\/\/catalogo.biblioteca.uab.pt\/cgi-bin\/koha\/opac-detail.pl?biblionumber=46163\"><strong>Smart technologies for society, state and economy \/ Elena G. Popkova, Bruno S. Sergi<\/strong><\/a><\/p>\n<p><a href=\"https:\/\/catalogo.biblioteca.uab.pt\/cgi-bin\/koha\/opac-detail.pl?biblionumber=46180\"><strong>The 10th International Conference on Computer Engineering and Networks \/ Qi Liu, Xiaodong Liu, Tao Shen&#8230;[et al.]<\/strong><\/a><\/p>\n<p><a href=\"https:\/\/catalogo.biblioteca.uab.pt\/cgi-bin\/koha\/opac-detail.pl?biblionumber=46181\"><strong>XV International Scientific Conference \u201cINTERAGROMASH 2022&#8243; : global precision ag innovation 2022 \/ Alexey Beskopylny, Mark Shamtsyan, Viktor Artiukh<\/strong><\/a><\/p>\n<p><strong>\u00a0<\/strong><\/p>\n<h2 style=\"text-align: center\"><strong>LITERATURA \u2013 LINGU\u00cdSTICA<\/strong><\/h2>\n<p>&nbsp;<\/p>\n<p><a href=\"https:\/\/catalogo.biblioteca.uab.pt\/cgi-bin\/koha\/opac-detail.pl?biblionumber=46063&amp;q=Santu%C3%A1rio%20do%20Imaculado%20Cora%C3%A7%C3%A3o%20de%20Maria%20em%20Cerejais\"><strong>Santu\u00e1rio do Imaculado Cora\u00e7\u00e3o de Maria em Cerejais \/ M. Joaquim Och\u00f4a<\/strong><\/a><\/p>\n<p><a href=\"https:\/\/catalogo.biblioteca.uab.pt\/cgi-bin\/koha\/opac-detail.pl?biblionumber=46062\"><strong>Sombras \/ Miguel Falc\u00e3o<\/strong><\/a><\/p>\n<p><a href=\"https:\/\/catalogo.biblioteca.uab.pt\/cgi-bin\/koha\/opac-detail.pl?biblionumber=46079\"><strong>Tradu\u00e7\u00e3o e tradutores em Portugal: um contributo para a sua hist\u00f3ria (s\u00e9culos XVIII-XX)\u00a0<\/strong><\/a><\/p>\n<p><strong>\u00a0<\/strong><\/p>\n<h2 style=\"text-align: center\"><strong>SOCIOLOGIA<\/strong><\/h2>\n<p>&nbsp;<\/p>\n<p><a href=\"https:\/\/catalogo.biblioteca.uab.pt\/cgi-bin\/koha\/opac-detail.pl?biblionumber=46067\"><strong>Eles que nos levam: hist\u00f3rias de motoristas de transportes p\u00fablicos \/ Raquel Albuquerque<\/strong><\/a><\/p>\n<p>&nbsp;<\/p>\n<p>&nbsp;<\/p>\n<h1>DISSERTA\u00c7\u00d5ES DE MESTRADO:<\/h1>\n<p>&nbsp;<\/p>\n<h2 style=\"text-align: center\"><strong>MESTRADO EM ADMINISTRA\u00c7\u00c3O E GEST\u00c3O EDUCACIONAL<\/strong><\/h2>\n<p>&nbsp;<\/p>\n<p><a href=\"https:\/\/catalogo.biblioteca.uab.pt\/cgi-bin\/koha\/opac-detail.pl?biblionumber=46158\"><strong>Pr\u00e1ticas de trabalho colaborativo nas equipas educativas : perspetivas dos professores \/ S\u00f3nia Maria dos Santos Pedro<\/strong><\/a><\/p>\n<p><strong>\u00a0<\/strong><\/p>\n<h2 style=\"text-align: center\"><strong>MESTRADO EM CIDADANIA AMBIENTAL E PARTICIPA\u00c7\u00c3O<\/strong><\/h2>\n<p>&nbsp;<\/p>\n<p><a href=\"https:\/\/catalogo.biblioteca.uab.pt\/cgi-bin\/koha\/opac-detail.pl?biblionumber=46183&amp;q=Biodiversidade%20em%20ambiente%20urbano,%20espa%C3%A7os%20verdes%20urbanos%20e%20sustentabilidade\"><strong>Biodiversidade em ambiente urbano, espa\u00e7os verdes urbanos e sustentabilidade: caso de estudo da cidade de Maputo em Mo\u00e7ambique \/ Corn\u00e9lio Coelho Miguel<\/strong><\/a><\/p>\n<p><strong>\u00a0<\/strong><\/p>\n<h2 style=\"text-align: center\"><strong>MESTRADO EM ESTUDOS DE L\u00cdNGUA PORTUGUESA<\/strong><\/h2>\n<p>&nbsp;<\/p>\n<p><a href=\"https:\/\/catalogo.biblioteca.uab.pt\/cgi-bin\/koha\/opac-detail.pl?biblionumber=46134&amp;q=%C3%82ngela%20Salgueiro%20Silvino\"><strong>Avalia\u00e7\u00e3o da compreens\u00e3o de estruturas sint\u00e1ticas complexas : desenvolvimento t\u00edpico e at\u00edpico \/ \u00c2ngela Salgueiro Silvino<\/strong><\/a><\/p>\n<p><strong>\u00a0<\/strong><\/p>\n<h2 style=\"text-align: center\"><strong>MESTRADO EM ESTUDOS DO PATRIM\u00d3NIO<\/strong><\/h2>\n<p>&nbsp;<\/p>\n<p><a href=\"https:\/\/catalogo.biblioteca.uab.pt\/cgi-bin\/koha\/opac-detail.pl?biblionumber=46091&amp;q=O%20colecionismo%20em%20Manuel%20Teixeira%20Gomes\"><strong>O colecionismo em Manuel Teixeira Gomes: contributos para o seu estudo \/ Ricardo Manuel da Mota e Silva<\/strong><\/a><\/p>\n<p><strong>\u00a0<\/strong><\/p>\n<h2 style=\"text-align: center\"><strong>MESTRADO EM ESTUDOS SOBRE AS MULHERES<\/strong><\/h2>\n<p>&nbsp;<\/p>\n<p><a href=\"https:\/\/catalogo.biblioteca.uab.pt\/cgi-bin\/koha\/opac-detail.pl?biblionumber=46082&amp;q=Narrativas%20de%20trabalhadoras%20do%20sexo%20em%20Luanda\"><strong>Narrativas de trabalhadoras do sexo em Luanda : contributos para discuss\u00f5es feministas sobre o trabalho do sexo \/ Rafaela Nascimento Egg<\/strong><\/a><\/p>\n<p><strong>\u00a0<\/strong><\/p>\n<h2 style=\"text-align: center\"><strong>MESTRADO EM GEST\u00c3O<\/strong><\/h2>\n<p>&nbsp;<\/p>\n<p><a href=\"https:\/\/catalogo.biblioteca.uab.pt\/cgi-bin\/koha\/opac-detail.pl?biblionumber=46166\"><strong>Competitividade na ind\u00fastria seguradora n\u00e3o vida em Portugal: impactos da estrutura de mercado e modelos de neg\u00f3cio na sua performance entre 2008 e 2022 \/ Ant\u00f3nio Fernandes da Silva<\/strong><\/a><\/p>\n<p><a href=\"https:\/\/catalogo.biblioteca.uab.pt\/cgi-bin\/koha\/opac-detail.pl?biblionumber=46202&amp;q=Mulheres%20brasileiras%20na%20Alemanha\"><strong>Mulheres brasileiras na Alemanha: experi\u00eancias e estrat\u00e9gias de integra\u00e7\u00e3o laboral \/ Juliana Avila<\/strong><\/a><\/p>\n<p><strong>\u00a0<\/strong><\/p>\n<h2 style=\"text-align: center\"><strong>MESTRADO EM PEDAGOGIA DO ELEARNING<\/strong><\/h2>\n<p>&nbsp;<\/p>\n<p><a href=\"https:\/\/catalogo.biblioteca.uab.pt\/cgi-bin\/koha\/opac-detail.pl?biblionumber=46046&amp;q=Compet%C3%AAncias%20digitais%20na%20%C3%A1rea%20da%20Seguran%C3%A7a%20Digital%20:%20percep%C3%A7%C3%A3o%20dos%20docentes%20do%20ensino%20superior%20%C3%A0%20dist%C3%A2ncia%20do%20Brasil\"><strong>Compet\u00eancias digitais na \u00e1rea da Seguran\u00e7a Digital : percep\u00e7\u00e3o dos docentes do ensino superior \u00e0 dist\u00e2ncia do Brasil \/ Luciana Robaina Pimentel<\/strong><\/a><\/p>\n<p><a href=\"https:\/\/catalogo.biblioteca.uab.pt\/cgi-bin\/koha\/opac-detail.pl?biblionumber=46059&amp;q=Programa%20de%20forma%C3%A7%C3%A3o%20online%20em%20literacia%20da%20informa%C3%A7%C3%A3o\"><strong>Programa de forma\u00e7\u00e3o online em literacia da informa\u00e7\u00e3o: estudo de caso nos A\u00e7ores \/ Catarina Menezes de Azevedo<\/strong><\/a><\/p>\n<p><a href=\"https:\/\/catalogo.biblioteca.uab.pt\/cgi-bin\/koha\/opac-detail.pl?biblionumber=46161\"><strong>N\u00edveis de satisfa\u00e7\u00e3o e perce\u00e7\u00f5es de professores do ensino superior acerca de um curso de forma\u00e7\u00e3o para a doc\u00eancia digital em rede sob a perspectiva dos princ\u00edpios do Microlearning \/ Ana Maria Kruel Cassano Negr\u00e3o<\/strong><\/a><\/p>\n<p><strong>\u00a0<\/strong><\/p>\n<h2 style=\"text-align: center\"><strong>MESTRADO EM SUPERVIS\u00c3O PEDAG\u00d3GICA<\/strong><\/h2>\n<p>&nbsp;<\/p>\n<p><a href=\"https:\/\/catalogo.biblioteca.uab.pt\/cgi-bin\/koha\/opac-detail.pl?biblionumber=46162\"><strong>Um estudo fenomenol\u00f3gico sobre a observa\u00e7\u00e3o de aulas no contexto de uma escola de portugu\u00eas como l\u00edngua de heran\u00e7a \/ Cl\u00e1udia Neves da Costa<\/strong><\/a><\/p>\n<p><strong>\u00a0<\/strong><\/p>\n<p><strong>\u00a0<\/strong><\/p>\n<h1><strong>TESES DE DOUTORAMENTO:<\/strong><\/h1>\n<p>&nbsp;<\/p>\n<h2 style=\"text-align: center\"><strong>DOUTORAMENTO EM HIST\u00d3RIA<\/strong><\/h2>\n<p>&nbsp;<\/p>\n<p><a href=\"https:\/\/catalogo.biblioteca.uab.pt\/cgi-bin\/koha\/opac-detail.pl?biblionumber=46168\"><strong>As elites e o poder local em Porto de M\u00f3s (1898-1926) \/ Maria Adozinda da Luz Fonseca da Cruz Carvalho<\/strong><\/a><\/p>\n<p><strong>\u00a0<\/strong><\/p>\n<h2 style=\"text-align: center\"><strong>DOUTORAMENTO EM MATEM\u00c1TICA APLICADA E MODELA\u00c7\u00c3O<\/strong><\/h2>\n<p>&nbsp;<\/p>\n<p><a href=\"https:\/\/catalogo.biblioteca.uab.pt\/cgi-bin\/koha\/opac-detail.pl?biblionumber=46133&amp;q=Modela%C3%A7%C3%A3o%20de%20dados%20espa%C3%A7o-temporais%20da%20COVID-19%20em%20Portugal%20com%20desagrega%C3%A7%C3%A3o%20temporal\"><strong>Modela\u00e7\u00e3o de dados espa\u00e7o-temporais da COVID-19 em Portugal com desagrega\u00e7\u00e3o temporal : uma abordagem estat\u00edstica e epidemiol\u00f3gica \/ Maria da Concei\u00e7\u00e3o Dias Leal<\/strong><\/a><\/p>\n<p><strong>\u00a0<\/strong><\/p>\n<h2 style=\"text-align: center\"><strong>DOUTORAMENTO EM M\u00c9DIA-ARTE DIGITAL<\/strong><\/h2>\n<p>&nbsp;<\/p>\n<p><a href=\"https:\/\/catalogo.biblioteca.uab.pt\/cgi-bin\/koha\/opac-detail.pl?biblionumber=46080&amp;q=A%20hora%20do%20conto%20na%20Biblioteca%20Escolar\"><strong>A hora do conto na Biblioteca Escolar : o contributo da M\u00e9dia-Arte Digital atrav\u00e9s de atividades de Transmedia Storytelling \/ V\u00edtor Manuel Domingues Gon\u00e7alves<\/strong><\/a><\/p>\n<p><strong>\u00a0<\/strong><\/p>\n<h2 style=\"text-align: center\"><strong>DOUTORAMENTO EM RELA\u00c7\u00d5ES INTERCULTURAIS<\/strong><\/h2>\n<p>&nbsp;<\/p>\n<p><a href=\"https:\/\/catalogo.biblioteca.uab.pt\/cgi-bin\/koha\/opac-detail.pl?biblionumber=46201&amp;q=Do%20sens%C3%ADvel%20nasce%20a%20obra%20do%20humano%20:%20um%20estudo%20sobre%20resist%C3%AAncia%20e%20supera%C3%A7%C3%A3o%20das%20epistemologias%20hegem%C3%B3nicas%20para%20outros%20significados%20plurais%20na%20forma%C3%A7%C3%A3o%20humana\"><strong>Do sens\u00edvel nasce a obra do humano : um estudo sobre resist\u00eancia e supera\u00e7\u00e3o das epistemologias hegem\u00f3nicas para outros significados plurais na forma\u00e7\u00e3o humana \/ S\u00f3nia Filipa da Silva Santos Louren\u00e7o<\/strong><\/a><\/p>\n<p><a href=\"https:\/\/catalogo.biblioteca.uab.pt\/cgi-bin\/koha\/opac-detail.pl?biblionumber=46160\"><strong>Mobilidade estudantil internacional : estudantes estrangeiros de uma Universidade Federal \/ Z\u00e2nia Maria Rios Aguiar Vieira<\/strong><\/a><\/p>\n<p><strong>\u00a0<\/strong><\/p>","protected":false},"excerpt":{"rendered":"<p>&nbsp;<\/p>\n<h2 style=\"text-align: center\"><strong>EDUCA\u00c7\u00c3O &#8211; FORMA\u00c7\u00c3O DE PROFESSORES &#8211; PEDAGOGIA<\/strong><\/h2>\n<p>&nbsp;<\/p>\n<p><a href=\"https:\/\/catalogo.biblioteca.uab.pt\/cgi-bin\/koha\/opac-detail.pl?biblionumber=46060&amp;q=Escola%20e%20autocuidado%20:%20fundamentos%20e%20pr%C3%A1ticas%20para%20humanizar%20a%20educa%C3%A7%C3%A3o%20com%20base%20no%20eneagrama\"><strong>Escola e autocuidado : fundamentos e pr\u00e1ticas para humanizar a educa\u00e7\u00e3o com base no eneagrama \/ Jacinto Jardim<\/strong><\/a><\/p>\n<p><a href=\"https:\/\/catalogo.biblioteca.uab.pt\/cgi-bin\/koha\/opac-detail.pl?biblionumber=46055\"><strong>XXXII Encontro da Associa\u00e7\u00e3o das Universidades de L\u00edngua Portuguesa : Ambiente, economia azul e educa\u00e7\u00e3o \/ Cristina Montalv\u00e3o Sarmento, Pedro Correia Anjos<\/strong><\/a><\/p>\n<p><strong>\u00a0<\/strong><\/p>\n<h2 style=\"text-align: center\"><strong>ESTUDOS SOBRE AS MULHERES<\/strong><\/h2>\n<p>&nbsp;<\/p>\n<p><a href=\"https:\/\/catalogo.biblioteca.uab.pt\/cgi-bin\/koha\/opac-detail.pl?bi<a class=\"more-link\" href=\"https:\/\/portal.uab.pt\/dsd\/novos-recursos-no-acervo-dezembro-2024\/\">Ler +<\/a><\/p>\n","protected":false},"author":168,"featured_media":0,"comment_status":"closed","ping_status":"closed","sticky":false,"template":"","format":"standard","meta":{"footnotes":""},"categories":[1],"tags":[],"class_list":["post-11601","post","type-post","status-publish","format-standard","hentry","category-sem-categoria"],"_links":{"self":[{"href":"https:\/\/portal.uab.pt\/dsd\/wp-json\/wp\/v2\/posts\/11601","targetHints":{"allow":["GET"]}}],"collection":[{"href":"https:\/\/portal.uab.pt\/dsd\/wp-json\/wp\/v2\/posts"}],"about":[{"href":"https:\/\/portal.uab.pt\/dsd\/wp-json\/wp\/v2\/types\/post"}],"author":[{"embeddable":true,"href":"https:\/\/portal.uab.pt\/dsd\/wp-json\/wp\/v2\/users\/168"}],"replies":[{"embeddable":true,"href":"https:\/\/portal.uab.pt\/dsd\/wp-json\/wp\/v2\/comments?post=11601"}],"version-history":[{"count":3,"href":"https:\/\/portal.uab.pt\/dsd\/wp-json\/wp\/v2\/posts\/11601\/revisions"}],"predecessor-version":[{"id":11605,"href":"https:\/\/portal.uab.pt\/dsd\/wp-json\/wp\/v2\/posts\/11601\/revisions\/11605"}],"wp:attachment":[{"href":"https:\/\/portal.uab.pt\/dsd\/wp-json\/wp\/v2\/media?parent=11601"}],"wp:term":[{"taxonomy":"category","embeddable":true,"href":"https:\/\/portal.uab.pt\/dsd\/wp-json\/wp\/v2\/categories?post=11601"},{"taxonomy":"post_tag","embeddable":true,"href":"https:\/\/portal.uab.pt\/dsd\/wp-json\/wp\/v2\/tags?post=11601"}],"curies":[{"name":"wp","href":"https:\/\/api.w.org\/{rel}","templated":true}]}}