{"id":1199,"date":"2022-07-15T10:06:56","date_gmt":"2022-07-15T10:06:56","guid":{"rendered":"https:\/\/portal.uab.pt\/umcla\/?p=1199"},"modified":"2022-07-15T10:06:56","modified_gmt":"2022-07-15T10:06:56","slug":"o-que-nos-diz-a-guerra-da-ucrania","status":"publish","type":"post","link":"https:\/\/portal.uab.pt\/uct\/o-que-nos-diz-a-guerra-da-ucrania\/","title":{"rendered":"O que nos diz a guerra da Ucr\u00e2nia"},"content":{"rendered":"<p><img loading=\"lazy\" decoding=\"async\" class=\"size-medium wp-image-1193 aligncenter\" src=\"https:\/\/portal.uab.pt\/umcla\/wp-content\/uploads\/sites\/21\/2022\/07\/ACLO_6-ao-Centro_O-que-nos-diz-a-guerra-da-Ucrania_Cartaz-300x147.png\" alt=\"\" width=\"300\" height=\"147\" srcset=\"https:\/\/portal.uab.pt\/uct\/wp-content\/uploads\/sites\/21\/2022\/07\/ACLO_6-ao-Centro_O-que-nos-diz-a-guerra-da-Ucrania_Cartaz-300x147.png 300w, https:\/\/portal.uab.pt\/uct\/wp-content\/uploads\/sites\/21\/2022\/07\/ACLO_6-ao-Centro_O-que-nos-diz-a-guerra-da-Ucrania_Cartaz.png 700w\" sizes=\"auto, (max-width: 300px) 100vw, 300px\" \/><\/p>\n<p>&nbsp;<\/p>\n<p>Aconteceu no dia 28 de junho de 2022, a 3.\u00aa sess\u00e3o do Ciclo <strong><em>6 ao Centro<\/em><\/strong>, com a confer\u00eancia <strong>O que nos diz a guerra da Ucr\u00e2nia<\/strong>, organizada pelos Centros Locais de Aprendizagem de Ansi\u00e3o e de Cantanhede, em parceria com os Centros Qualifica das suas respetivas \u00e1reas de abrang\u00eancia (Anadia, Ansi\u00e3o, Cantanhede, Pombal, Sert\u00e3 e Vagos).<\/p>\n<p>O evento teve lugar no audit\u00f3rio do Agrupamento de Escolas da Sert\u00e3, em formato h\u00edbrido, permitindo assim uma maior e mais ampla participa\u00e7\u00e3o dos interessados, havendo entre os assistentes, estudantes e graduados da UAb e, via online, pessoas do Brasil e de Mo\u00e7ambique.<\/p>\n<p>O conflito militar, que tem preenchido os notici\u00e1rios de todo o mundo, foi abordado pelo Pr\u00f3-Reitor da Universidade Aberta, Jo\u00e3o Caetano, que se referiu aos antecedentes hist\u00f3ricos que espoletaram a guerra entra a Ucr\u00e2nia e a R\u00fassia.<\/p>\n<p>&nbsp;<\/p>\n<p><img loading=\"lazy\" decoding=\"async\" class=\"size-medium wp-image-1194 aligncenter\" src=\"https:\/\/portal.uab.pt\/umcla\/wp-content\/uploads\/sites\/21\/2022\/07\/ACLO_6-ao-Centro_O-que-nos-diz-a-guerra-da-Ucrania_oradores-300x147.png\" alt=\"\" width=\"300\" height=\"147\" srcset=\"https:\/\/portal.uab.pt\/uct\/wp-content\/uploads\/sites\/21\/2022\/07\/ACLO_6-ao-Centro_O-que-nos-diz-a-guerra-da-Ucrania_oradores-300x147.png 300w, https:\/\/portal.uab.pt\/uct\/wp-content\/uploads\/sites\/21\/2022\/07\/ACLO_6-ao-Centro_O-que-nos-diz-a-guerra-da-Ucrania_oradores.png 700w\" sizes=\"auto, (max-width: 300px) 100vw, 300px\" \/>\u00a0 \u00a0 <img loading=\"lazy\" decoding=\"async\" class=\"size-medium wp-image-1195 aligncenter\" src=\"https:\/\/portal.uab.pt\/umcla\/wp-content\/uploads\/sites\/21\/2022\/07\/ACLO_6-ao-Centro_O-que-nos-diz-a-guerra-da-Ucrania_publico-300x147.png\" alt=\"\" width=\"300\" height=\"147\" srcset=\"https:\/\/portal.uab.pt\/uct\/wp-content\/uploads\/sites\/21\/2022\/07\/ACLO_6-ao-Centro_O-que-nos-diz-a-guerra-da-Ucrania_publico-300x147.png 300w, https:\/\/portal.uab.pt\/uct\/wp-content\/uploads\/sites\/21\/2022\/07\/ACLO_6-ao-Centro_O-que-nos-diz-a-guerra-da-Ucrania_publico.png 700w\" sizes=\"auto, (max-width: 300px) 100vw, 300px\" \/><\/p>","protected":false},"excerpt":{"rendered":"<p>&nbsp; Aconteceu no dia 28 de junho de 2022, a 3.\u00aa sess\u00e3o do Ciclo 6 ao Centro, com a confer\u00eancia O que nos diz a guerra da Ucr\u00e2nia, organizada pelos Centros Locais de Aprendizagem de Ansi\u00e3o e de Cantanhede, em parceria com os Centros Qualifica das suas respetivas \u00e1reas de abrang\u00eancia (Anadia, Ansi\u00e3o, Cantanhede, Pombal,<a class=\"more-link\" href=\"https:\/\/portal.uab.pt\/uct\/o-que-nos-diz-a-guerra-da-ucrania\/\">Ler +<\/a><\/p>\n","protected":false},"author":209,"featured_media":1193,"comment_status":"closed","ping_status":"closed","sticky":false,"template":"","format":"standard","meta":{"footnotes":""},"categories":[8],"tags":[],"class_list":["post-1199","post","type-post","status-publish","format-standard","has-post-thumbnail","hentry","category-arquivo","post-thumb"],"_links":{"self":[{"href":"https:\/\/portal.uab.pt\/uct\/wp-json\/wp\/v2\/posts\/1199","targetHints":{"allow":["GET"]}}],"collection":[{"href":"https:\/\/portal.uab.pt\/uct\/wp-json\/wp\/v2\/posts"}],"about":[{"href":"https:\/\/portal.uab.pt\/uct\/wp-json\/wp\/v2\/types\/post"}],"author":[{"embeddable":true,"href":"https:\/\/portal.uab.pt\/uct\/wp-json\/wp\/v2\/users\/209"}],"replies":[{"embeddable":true,"href":"https:\/\/portal.uab.pt\/uct\/wp-json\/wp\/v2\/comments?post=1199"}],"version-history":[{"count":1,"href":"https:\/\/portal.uab.pt\/uct\/wp-json\/wp\/v2\/posts\/1199\/revisions"}],"predecessor-version":[{"id":1200,"href":"https:\/\/portal.uab.pt\/uct\/wp-json\/wp\/v2\/posts\/1199\/revisions\/1200"}],"wp:featuredmedia":[{"embeddable":true,"href":"https:\/\/portal.uab.pt\/uct\/wp-json\/wp\/v2\/media\/1193"}],"wp:attachment":[{"href":"https:\/\/portal.uab.pt\/uct\/wp-json\/wp\/v2\/media?parent=1199"}],"wp:term":[{"taxonomy":"category","embeddable":true,"href":"https:\/\/portal.uab.pt\/uct\/wp-json\/wp\/v2\/categories?post=1199"},{"taxonomy":"post_tag","embeddable":true,"href":"https:\/\/portal.uab.pt\/uct\/wp-json\/wp\/v2\/tags?post=1199"}],"curies":[{"name":"wp","href":"https:\/\/api.w.org\/{rel}","templated":true}]}}