{"id":1223,"date":"2022-07-18T09:17:37","date_gmt":"2022-07-18T09:17:37","guid":{"rendered":"https:\/\/portal.uab.pt\/umcla\/?p=1223"},"modified":"2022-07-18T09:18:47","modified_gmt":"2022-07-18T09:18:47","slug":"retiro-doutoral-e-magistral-2022","status":"publish","type":"post","link":"https:\/\/portal.uab.pt\/uct\/retiro-doutoral-e-magistral-2022\/","title":{"rendered":"Retiro Doutoral e Magistral 2022"},"content":{"rendered":"<p><img loading=\"lazy\" decoding=\"async\" class=\"size-medium wp-image-1220 aligncenter\" src=\"https:\/\/portal.uab.pt\/umcla\/wp-content\/uploads\/sites\/21\/2022\/07\/ACLO_Retiro_grupo-300x147.png\" alt=\"\" width=\"300\" height=\"147\" srcset=\"https:\/\/portal.uab.pt\/uct\/wp-content\/uploads\/sites\/21\/2022\/07\/ACLO_Retiro_grupo-300x147.png 300w, https:\/\/portal.uab.pt\/uct\/wp-content\/uploads\/sites\/21\/2022\/07\/ACLO_Retiro_grupo.png 700w\" sizes=\"auto, (max-width: 300px) 100vw, 300px\" \/><\/p>\n<p>&nbsp;<\/p>\n<p>Aconteceu de 27 a 30 de junho de 2022, em Ansi\u00e3o, o Retiro Doutoral e Magistral, cuja organiza\u00e7\u00e3o esteve a cargo das coordena\u00e7\u00f5es do Doutoramento em Ci\u00eancia e Tecnologia e do Mestrado em Engenharia Inform\u00e1tica e Tecnologia Web, do Departamento de Ci\u00eancias e Tecnologia da Universidade Aberta, com o apoio do Centro Local de Aprendizagem de Ansi\u00e3o.<\/p>\n<p>Na sess\u00e3o inaugural, marcaram presen\u00e7a, em representa\u00e7\u00e3o da Reitoria da UAb, o Vice-Reitor, Jos\u00e9 Sales e o Pr\u00f3-Reitor, Jo\u00e3o Caetano.<\/p>\n<p>Durante quatro dias intensos, com diversas atividades acad\u00e9micas e de cariz cultural, o Retiro representou uma oportunidade \u00fanica para o munic\u00edpio que o acolheu, pela intera\u00e7\u00e3o que o seu formato presencial proporcionou entre os participantes e a comunidade local, mostrando n\u00e3o s\u00f3 a vertente cient\u00edfica e acad\u00e9mica da Universidade, mas tamb\u00e9m a sua componente humana.<\/p>\n<p>&nbsp;<\/p>\n<p><img loading=\"lazy\" decoding=\"async\" class=\"size-medium wp-image-1221 aligncenter\" src=\"https:\/\/portal.uab.pt\/umcla\/wp-content\/uploads\/sites\/21\/2022\/07\/ACLO_Retiro_inauguracao-300x147.png\" alt=\"\" width=\"300\" height=\"147\" srcset=\"https:\/\/portal.uab.pt\/uct\/wp-content\/uploads\/sites\/21\/2022\/07\/ACLO_Retiro_inauguracao-300x147.png 300w, https:\/\/portal.uab.pt\/uct\/wp-content\/uploads\/sites\/21\/2022\/07\/ACLO_Retiro_inauguracao.png 700w\" sizes=\"auto, (max-width: 300px) 100vw, 300px\" \/>\u00a0 \u00a0 <img loading=\"lazy\" decoding=\"async\" class=\"size-medium wp-image-1222 aligncenter\" src=\"https:\/\/portal.uab.pt\/umcla\/wp-content\/uploads\/sites\/21\/2022\/07\/ACLO_Retiro_repasto-300x147.png\" alt=\"\" width=\"300\" height=\"147\" srcset=\"https:\/\/portal.uab.pt\/uct\/wp-content\/uploads\/sites\/21\/2022\/07\/ACLO_Retiro_repasto-300x147.png 300w, https:\/\/portal.uab.pt\/uct\/wp-content\/uploads\/sites\/21\/2022\/07\/ACLO_Retiro_repasto.png 700w\" sizes=\"auto, (max-width: 300px) 100vw, 300px\" \/><\/p>","protected":false},"excerpt":{"rendered":"<p>&nbsp; Aconteceu de 27 a 30 de junho de 2022, em Ansi\u00e3o, o Retiro Doutoral e Magistral, cuja organiza\u00e7\u00e3o esteve a cargo das coordena\u00e7\u00f5es do Doutoramento em Ci\u00eancia e Tecnologia e do Mestrado em Engenharia Inform\u00e1tica e Tecnologia Web, do Departamento de Ci\u00eancias e Tecnologia da Universidade Aberta, com o apoio do Centro Local de<a class=\"more-link\" href=\"https:\/\/portal.uab.pt\/uct\/retiro-doutoral-e-magistral-2022\/\">Ler +<\/a><\/p>\n","protected":false},"author":209,"featured_media":1220,"comment_status":"closed","ping_status":"closed","sticky":false,"template":"","format":"standard","meta":{"footnotes":""},"categories":[8],"tags":[],"class_list":["post-1223","post","type-post","status-publish","format-standard","has-post-thumbnail","hentry","category-arquivo","post-thumb"],"_links":{"self":[{"href":"https:\/\/portal.uab.pt\/uct\/wp-json\/wp\/v2\/posts\/1223","targetHints":{"allow":["GET"]}}],"collection":[{"href":"https:\/\/portal.uab.pt\/uct\/wp-json\/wp\/v2\/posts"}],"about":[{"href":"https:\/\/portal.uab.pt\/uct\/wp-json\/wp\/v2\/types\/post"}],"author":[{"embeddable":true,"href":"https:\/\/portal.uab.pt\/uct\/wp-json\/wp\/v2\/users\/209"}],"replies":[{"embeddable":true,"href":"https:\/\/portal.uab.pt\/uct\/wp-json\/wp\/v2\/comments?post=1223"}],"version-history":[{"count":2,"href":"https:\/\/portal.uab.pt\/uct\/wp-json\/wp\/v2\/posts\/1223\/revisions"}],"predecessor-version":[{"id":1225,"href":"https:\/\/portal.uab.pt\/uct\/wp-json\/wp\/v2\/posts\/1223\/revisions\/1225"}],"wp:featuredmedia":[{"embeddable":true,"href":"https:\/\/portal.uab.pt\/uct\/wp-json\/wp\/v2\/media\/1220"}],"wp:attachment":[{"href":"https:\/\/portal.uab.pt\/uct\/wp-json\/wp\/v2\/media?parent=1223"}],"wp:term":[{"taxonomy":"category","embeddable":true,"href":"https:\/\/portal.uab.pt\/uct\/wp-json\/wp\/v2\/categories?post=1223"},{"taxonomy":"post_tag","embeddable":true,"href":"https:\/\/portal.uab.pt\/uct\/wp-json\/wp\/v2\/tags?post=1223"}],"curies":[{"name":"wp","href":"https:\/\/api.w.org\/{rel}","templated":true}]}}