{"id":1434,"date":"2022-10-20T10:40:26","date_gmt":"2022-10-20T10:40:26","guid":{"rendered":"https:\/\/portal.uab.pt\/umcla\/?p=1434"},"modified":"2022-10-20T11:22:32","modified_gmt":"2022-10-20T11:22:32","slug":"a-origem-do-pensamento-simbolico","status":"publish","type":"post","link":"https:\/\/portal.uab.pt\/uct\/a-origem-do-pensamento-simbolico\/","title":{"rendered":"A Origem do Pensamento Simb\u00f3lico"},"content":{"rendered":"<p><img loading=\"lazy\" decoding=\"async\" class=\"size-medium wp-image-1441 aligncenter\" src=\"https:\/\/portal.uab.pt\/umcla\/wp-content\/uploads\/sites\/21\/2022\/10\/Pensamento-Simbolico_cartaz-300x147.png\" alt=\"\" width=\"300\" height=\"147\" srcset=\"https:\/\/portal.uab.pt\/uct\/wp-content\/uploads\/sites\/21\/2022\/10\/Pensamento-Simbolico_cartaz-300x147.png 300w, https:\/\/portal.uab.pt\/uct\/wp-content\/uploads\/sites\/21\/2022\/10\/Pensamento-Simbolico_cartaz.png 700w\" sizes=\"auto, (max-width: 300px) 100vw, 300px\" \/><\/p>\n<p>&nbsp;<\/p>\n<p>Aconteceu no dia 29 de setembro de 2022 a palestra \u201cA origem do pensamento simb\u00f3lico\u201d, em formato h\u00edbrido e promovida pelos Centros Locais de Aprendizagem de Ansi\u00e3o e Cantanhede. O tema foi apresentado pela docente da Universidade Aberta Carla Alexandra Gon\u00e7alves que, regressando \u00e0s origens do pensamento simb\u00f3lico e articulando hip\u00f3teses, procurou demonstrar como se desenvolveu e como se associa \u00e0 cria\u00e7\u00e3o art\u00edstica.<\/p>\n<p>O evento, que contou com a participa\u00e7\u00e3o de 102 pessoas, 76 online e 26 presencialmente, foi organizado em parceria com os Centros Qualifica do Agrupamento de Escolas de Anadia, Lima-de-Faria (Cantanhede), Pombal, Sert\u00e3, da Escola Profissional de Agricultura e Desenvolvimento Rural de Vagos e da Escola Tecnol\u00f3gica e Profissional de Sic\u00f3, com os quais a Universidade Aberta tem protocolo de coopera\u00e7\u00e3o.<\/p>\n<p><img loading=\"lazy\" decoding=\"async\" class=\"size-medium wp-image-1432 aligncenter\" src=\"https:\/\/portal.uab.pt\/umcla\/wp-content\/uploads\/sites\/21\/2022\/10\/Pensamento-Simbolico_Pintura-rupestre-300x147.png\" alt=\"\" width=\"300\" height=\"147\" srcset=\"https:\/\/portal.uab.pt\/uct\/wp-content\/uploads\/sites\/21\/2022\/10\/Pensamento-Simbolico_Pintura-rupestre-300x147.png 300w, https:\/\/portal.uab.pt\/uct\/wp-content\/uploads\/sites\/21\/2022\/10\/Pensamento-Simbolico_Pintura-rupestre.png 700w\" sizes=\"auto, (max-width: 300px) 100vw, 300px\" \/>\u00a0 \u00a0 <img loading=\"lazy\" decoding=\"async\" class=\"size-medium wp-image-1433 aligncenter\" src=\"https:\/\/portal.uab.pt\/umcla\/wp-content\/uploads\/sites\/21\/2022\/10\/Pensamento-simbolico_Simbolos-Rupestres-300x147.png\" alt=\"\" width=\"300\" height=\"147\" srcset=\"https:\/\/portal.uab.pt\/uct\/wp-content\/uploads\/sites\/21\/2022\/10\/Pensamento-simbolico_Simbolos-Rupestres-300x147.png 300w, https:\/\/portal.uab.pt\/uct\/wp-content\/uploads\/sites\/21\/2022\/10\/Pensamento-simbolico_Simbolos-Rupestres.png 700w\" sizes=\"auto, (max-width: 300px) 100vw, 300px\" \/><\/p>\n<p>&nbsp;<\/p>","protected":false},"excerpt":{"rendered":"<p>&nbsp; Aconteceu no dia 29 de setembro de 2022 a palestra \u201cA origem do pensamento simb\u00f3lico\u201d, em formato h\u00edbrido e promovida pelos Centros Locais de Aprendizagem de Ansi\u00e3o e Cantanhede. O tema foi apresentado pela docente da Universidade Aberta Carla Alexandra Gon\u00e7alves que, regressando \u00e0s origens do pensamento simb\u00f3lico e articulando hip\u00f3teses, procurou demonstrar como<a class=\"more-link\" href=\"https:\/\/portal.uab.pt\/uct\/a-origem-do-pensamento-simbolico\/\">Ler +<\/a><\/p>\n","protected":false},"author":209,"featured_media":1441,"comment_status":"closed","ping_status":"closed","sticky":false,"template":"","format":"standard","meta":{"footnotes":""},"categories":[8],"tags":[],"class_list":["post-1434","post","type-post","status-publish","format-standard","has-post-thumbnail","hentry","category-arquivo","post-thumb"],"_links":{"self":[{"href":"https:\/\/portal.uab.pt\/uct\/wp-json\/wp\/v2\/posts\/1434","targetHints":{"allow":["GET"]}}],"collection":[{"href":"https:\/\/portal.uab.pt\/uct\/wp-json\/wp\/v2\/posts"}],"about":[{"href":"https:\/\/portal.uab.pt\/uct\/wp-json\/wp\/v2\/types\/post"}],"author":[{"embeddable":true,"href":"https:\/\/portal.uab.pt\/uct\/wp-json\/wp\/v2\/users\/209"}],"replies":[{"embeddable":true,"href":"https:\/\/portal.uab.pt\/uct\/wp-json\/wp\/v2\/comments?post=1434"}],"version-history":[{"count":3,"href":"https:\/\/portal.uab.pt\/uct\/wp-json\/wp\/v2\/posts\/1434\/revisions"}],"predecessor-version":[{"id":1442,"href":"https:\/\/portal.uab.pt\/uct\/wp-json\/wp\/v2\/posts\/1434\/revisions\/1442"}],"wp:featuredmedia":[{"embeddable":true,"href":"https:\/\/portal.uab.pt\/uct\/wp-json\/wp\/v2\/media\/1441"}],"wp:attachment":[{"href":"https:\/\/portal.uab.pt\/uct\/wp-json\/wp\/v2\/media?parent=1434"}],"wp:term":[{"taxonomy":"category","embeddable":true,"href":"https:\/\/portal.uab.pt\/uct\/wp-json\/wp\/v2\/categories?post=1434"},{"taxonomy":"post_tag","embeddable":true,"href":"https:\/\/portal.uab.pt\/uct\/wp-json\/wp\/v2\/tags?post=1434"}],"curies":[{"name":"wp","href":"https:\/\/api.w.org\/{rel}","templated":true}]}}