{"id":1483,"date":"2022-11-15T13:38:05","date_gmt":"2022-11-15T13:38:05","guid":{"rendered":"https:\/\/portal.uab.pt\/umcla\/?p=1483"},"modified":"2022-11-15T14:27:17","modified_gmt":"2022-11-15T14:27:17","slug":"o-estatuto-do-cuidador-informal-a-mao-na-dor-e-o-olho-no-amor","status":"publish","type":"post","link":"https:\/\/portal.uab.pt\/uct\/o-estatuto-do-cuidador-informal-a-mao-na-dor-e-o-olho-no-amor\/","title":{"rendered":"O Estatuto do Cuidador Informal \u2013 A m\u00e3o na dor e o olho no amor"},"content":{"rendered":"<p><img loading=\"lazy\" decoding=\"async\" class=\"size-medium wp-image-1480 aligncenter\" src=\"https:\/\/portal.uab.pt\/umcla\/wp-content\/uploads\/sites\/21\/2022\/11\/Cuidador-informal_cartaz-300x147.png\" alt=\"\" width=\"300\" height=\"147\" srcset=\"https:\/\/portal.uab.pt\/uct\/wp-content\/uploads\/sites\/21\/2022\/11\/Cuidador-informal_cartaz-300x147.png 300w, https:\/\/portal.uab.pt\/uct\/wp-content\/uploads\/sites\/21\/2022\/11\/Cuidador-informal_cartaz.png 700w\" sizes=\"auto, (max-width: 300px) 100vw, 300px\" \/><\/p>\n<p>Aconteceu no dia 4 de novembro de 2022, no audit\u00f3rio do Museu Municipal de M\u00eada, no \u00e2mbito da comemora\u00e7\u00e3o do Dia Mundial da Terceira Idade e integrado num conjunto de atividades desenvolvidas no\u00a0 M\u00eas da Terceira Idade, o ciclo de confer\u00eancias sobre \u201cO Estatuto do Cuidador Informal \u2013 A m\u00e3o na dor e o olho no amor\u201d. Estiveram presentes, na sess\u00e3o de abertura, Jo\u00e3o Mourato, Presidente da C\u00e2mara Municipal e a Vereadora Carla Sequeira.<\/p>\n<p>Este Ciclo de Confer\u00eancias contou com as comunica\u00e7\u00f5es de Sandra Ferreira, colaboradora do Centro Distrital da Seguran\u00e7a Social da Guarda, que esclareceu os participantes sobre o estatuto do cuidador informal, e de Lu\u00edsa Peneda, Advogada, que abordou o Regime de Maior Acompanhado, aprovado pela Lei n\u00ba 49\/2018 de 14 de agosto.<\/p>\n<p>Para finalizar houve ainda oportunidade de ouvir a experi\u00eancia na primeira pessoa de uma cuidadora informal, permitindo assim o esclarecimento de mais algumas quest\u00f5es por parte do p\u00fablico.<\/p>\n<p>&nbsp;<\/p>\n<p><img loading=\"lazy\" decoding=\"async\" class=\"size-medium wp-image-1481 aligncenter\" src=\"https:\/\/portal.uab.pt\/umcla\/wp-content\/uploads\/sites\/21\/2022\/11\/Cuidador-informal_oradores-300x147.png\" alt=\"\" width=\"300\" height=\"147\" srcset=\"https:\/\/portal.uab.pt\/uct\/wp-content\/uploads\/sites\/21\/2022\/11\/Cuidador-informal_oradores-300x147.png 300w, https:\/\/portal.uab.pt\/uct\/wp-content\/uploads\/sites\/21\/2022\/11\/Cuidador-informal_oradores.png 700w\" sizes=\"auto, (max-width: 300px) 100vw, 300px\" \/> \u00a0\u00a0 <img loading=\"lazy\" decoding=\"async\" class=\"size-medium wp-image-1482 aligncenter\" src=\"https:\/\/portal.uab.pt\/umcla\/wp-content\/uploads\/sites\/21\/2022\/11\/Cuidador-informal_publico-300x147.png\" alt=\"\" width=\"300\" height=\"147\" srcset=\"https:\/\/portal.uab.pt\/uct\/wp-content\/uploads\/sites\/21\/2022\/11\/Cuidador-informal_publico-300x147.png 300w, https:\/\/portal.uab.pt\/uct\/wp-content\/uploads\/sites\/21\/2022\/11\/Cuidador-informal_publico.png 700w\" sizes=\"auto, (max-width: 300px) 100vw, 300px\" \/><\/p>","protected":false},"excerpt":{"rendered":"<p>Aconteceu no dia 4 de novembro de 2022, no audit\u00f3rio do Museu Municipal de M\u00eada, no \u00e2mbito da comemora\u00e7\u00e3o do Dia Mundial da Terceira Idade e integrado num conjunto de atividades desenvolvidas no\u00a0 M\u00eas da Terceira Idade, o ciclo de confer\u00eancias sobre \u201cO Estatuto do Cuidador Informal \u2013 A m\u00e3o na dor e o olho<a class=\"more-link\" href=\"https:\/\/portal.uab.pt\/uct\/o-estatuto-do-cuidador-informal-a-mao-na-dor-e-o-olho-no-amor\/\">Ler +<\/a><\/p>\n","protected":false},"author":209,"featured_media":1480,"comment_status":"closed","ping_status":"closed","sticky":false,"template":"","format":"standard","meta":{"footnotes":""},"categories":[8],"tags":[],"class_list":["post-1483","post","type-post","status-publish","format-standard","has-post-thumbnail","hentry","category-arquivo","post-thumb"],"_links":{"self":[{"href":"https:\/\/portal.uab.pt\/uct\/wp-json\/wp\/v2\/posts\/1483","targetHints":{"allow":["GET"]}}],"collection":[{"href":"https:\/\/portal.uab.pt\/uct\/wp-json\/wp\/v2\/posts"}],"about":[{"href":"https:\/\/portal.uab.pt\/uct\/wp-json\/wp\/v2\/types\/post"}],"author":[{"embeddable":true,"href":"https:\/\/portal.uab.pt\/uct\/wp-json\/wp\/v2\/users\/209"}],"replies":[{"embeddable":true,"href":"https:\/\/portal.uab.pt\/uct\/wp-json\/wp\/v2\/comments?post=1483"}],"version-history":[{"count":3,"href":"https:\/\/portal.uab.pt\/uct\/wp-json\/wp\/v2\/posts\/1483\/revisions"}],"predecessor-version":[{"id":1487,"href":"https:\/\/portal.uab.pt\/uct\/wp-json\/wp\/v2\/posts\/1483\/revisions\/1487"}],"wp:featuredmedia":[{"embeddable":true,"href":"https:\/\/portal.uab.pt\/uct\/wp-json\/wp\/v2\/media\/1480"}],"wp:attachment":[{"href":"https:\/\/portal.uab.pt\/uct\/wp-json\/wp\/v2\/media?parent=1483"}],"wp:term":[{"taxonomy":"category","embeddable":true,"href":"https:\/\/portal.uab.pt\/uct\/wp-json\/wp\/v2\/categories?post=1483"},{"taxonomy":"post_tag","embeddable":true,"href":"https:\/\/portal.uab.pt\/uct\/wp-json\/wp\/v2\/tags?post=1483"}],"curies":[{"name":"wp","href":"https:\/\/api.w.org\/{rel}","templated":true}]}}