{"id":1508,"date":"2022-11-18T16:32:11","date_gmt":"2022-11-18T16:32:11","guid":{"rendered":"https:\/\/portal.uab.pt\/umcla\/?p=1508"},"modified":"2022-11-18T16:33:33","modified_gmt":"2022-11-18T16:33:33","slug":"dia-municipal-para-a-igualdade","status":"publish","type":"post","link":"https:\/\/portal.uab.pt\/uct\/dia-municipal-para-a-igualdade\/","title":{"rendered":"Dia Municipal para a Igualdade"},"content":{"rendered":"<p>&nbsp;<\/p>\n<p><img loading=\"lazy\" decoding=\"async\" class=\"size-medium wp-image-1504 aligncenter\" src=\"https:\/\/portal.uab.pt\/umcla\/wp-content\/uploads\/sites\/21\/2022\/11\/Dia-Municipal-Igualdade_Cartaz-300x147.png\" alt=\"\" width=\"300\" height=\"147\" srcset=\"https:\/\/portal.uab.pt\/uct\/wp-content\/uploads\/sites\/21\/2022\/11\/Dia-Municipal-Igualdade_Cartaz-300x147.png 300w, https:\/\/portal.uab.pt\/uct\/wp-content\/uploads\/sites\/21\/2022\/11\/Dia-Municipal-Igualdade_Cartaz.png 700w\" sizes=\"auto, (max-width: 300px) 100vw, 300px\" \/><\/p>\n<p>Aconteceu em Gr\u00e2ndola nos dias 24 e 29 de outubro de 2022 a celebra\u00e7\u00e3o do Dia Municipal para a Igualdade, que contou com v\u00e1rias iniciativas que resultaram da de coopera\u00e7\u00e3o estabelecida entre o Munic\u00edpio e o Centro Local de Aprendizagem da Universidade Aberta.<\/p>\n<p>No dia 24 teve lugar a inaugura\u00e7\u00e3o da Exposi\u00e7\u00e3o Fotogr\u00e1fica que ilustrou o hist\u00f3rico das iniciativas realizadas no \u00e2mbito desta efem\u00e9ride desde 2010 a 2021.<\/p>\n<p>Estiveram presentes, para al\u00e9m da coordenadora do CLA, Melanie Magalh\u00e3es, a Vice-Presidente da C\u00e2mara Municipal, Carina Batista, e a anterior coordenadora do CLA, Joana Correia, que recordou algumas das iniciativas das quais tamb\u00e9m foi respons\u00e1vel.<\/p>\n<p>No mesmo dia decorreu a palestra Recuso ser V\u00edtima &#8211; Teatro F\u00f3rum e Debate com o apoio da Associa\u00e7\u00e3o Tocar N\u2019alma, para chamar a aten\u00e7\u00e3o para a viol\u00eancia dom\u00e9stica e no namoro. O tema foi apresentado por S\u00edlvia Abreu, presidente da referida Associa\u00e7\u00e3o que falou para uma plateia de 75 alunos do ensino secund\u00e1rio, real\u00e7ando a import\u00e2ncia de podermos agir para mudar a nossa vida e o que nos rodeia.<\/p>\n<p>A encerrar as comemora\u00e7\u00f5es, no dia 29, realizou-se a Sess\u00e3o de Anima\u00e7\u00e3o do Livro \u201cOrelhas de Borboleta\u201d. Tendo como mote igualdade e inclus\u00e3o a atividade foi dinamizada por duas t\u00e9cnicas da Biblioteca que, em L\u00edngua Gestual Portuguesa, acompanharam a hist\u00f3ria narrada na proje\u00e7\u00e3o de um v\u00eddeo.<\/p>\n<p>&nbsp;<\/p>\n<p><img loading=\"lazy\" decoding=\"async\" class=\"size-medium wp-image-1505 aligncenter\" src=\"https:\/\/portal.uab.pt\/umcla\/wp-content\/uploads\/sites\/21\/2022\/11\/Dia-Municipal-Igualdade_Exposicao-300x147.png\" alt=\"\" width=\"300\" height=\"147\" srcset=\"https:\/\/portal.uab.pt\/uct\/wp-content\/uploads\/sites\/21\/2022\/11\/Dia-Municipal-Igualdade_Exposicao-300x147.png 300w, https:\/\/portal.uab.pt\/uct\/wp-content\/uploads\/sites\/21\/2022\/11\/Dia-Municipal-Igualdade_Exposicao.png 700w\" sizes=\"auto, (max-width: 300px) 100vw, 300px\" \/> \u00a0\u00a0 <img loading=\"lazy\" decoding=\"async\" class=\"size-medium wp-image-1506 aligncenter\" src=\"https:\/\/portal.uab.pt\/umcla\/wp-content\/uploads\/sites\/21\/2022\/11\/Dia-Municipal-Igualdade_Recuso-ser-vitima_Silvia-Abreu_palhaco-300x147.png\" alt=\"\" width=\"300\" height=\"147\" srcset=\"https:\/\/portal.uab.pt\/uct\/wp-content\/uploads\/sites\/21\/2022\/11\/Dia-Municipal-Igualdade_Recuso-ser-vitima_Silvia-Abreu_palhaco-300x147.png 300w, https:\/\/portal.uab.pt\/uct\/wp-content\/uploads\/sites\/21\/2022\/11\/Dia-Municipal-Igualdade_Recuso-ser-vitima_Silvia-Abreu_palhaco.png 700w\" sizes=\"auto, (max-width: 300px) 100vw, 300px\" \/> \u00a0\u00a0 <img loading=\"lazy\" decoding=\"async\" class=\"size-medium wp-image-1507 aligncenter\" src=\"https:\/\/portal.uab.pt\/umcla\/wp-content\/uploads\/sites\/21\/2022\/11\/Dia-Municipal-Igualdade_ROrelhas-de-borboleta_menina-300x147.png\" alt=\"\" width=\"300\" height=\"147\" srcset=\"https:\/\/portal.uab.pt\/uct\/wp-content\/uploads\/sites\/21\/2022\/11\/Dia-Municipal-Igualdade_ROrelhas-de-borboleta_menina-300x147.png 300w, https:\/\/portal.uab.pt\/uct\/wp-content\/uploads\/sites\/21\/2022\/11\/Dia-Municipal-Igualdade_ROrelhas-de-borboleta_menina.png 700w\" sizes=\"auto, (max-width: 300px) 100vw, 300px\" \/><\/p>","protected":false},"excerpt":{"rendered":"<p>&nbsp; Aconteceu em Gr\u00e2ndola nos dias 24 e 29 de outubro de 2022 a celebra\u00e7\u00e3o do Dia Municipal para a Igualdade, que contou com v\u00e1rias iniciativas que resultaram da de coopera\u00e7\u00e3o estabelecida entre o Munic\u00edpio e o Centro Local de Aprendizagem da Universidade Aberta. No dia 24 teve lugar a inaugura\u00e7\u00e3o da Exposi\u00e7\u00e3o Fotogr\u00e1fica que<a class=\"more-link\" href=\"https:\/\/portal.uab.pt\/uct\/dia-municipal-para-a-igualdade\/\">Ler +<\/a><\/p>\n","protected":false},"author":209,"featured_media":1504,"comment_status":"closed","ping_status":"closed","sticky":false,"template":"","format":"standard","meta":{"footnotes":""},"categories":[8],"tags":[],"class_list":["post-1508","post","type-post","status-publish","format-standard","has-post-thumbnail","hentry","category-arquivo","post-thumb"],"_links":{"self":[{"href":"https:\/\/portal.uab.pt\/uct\/wp-json\/wp\/v2\/posts\/1508","targetHints":{"allow":["GET"]}}],"collection":[{"href":"https:\/\/portal.uab.pt\/uct\/wp-json\/wp\/v2\/posts"}],"about":[{"href":"https:\/\/portal.uab.pt\/uct\/wp-json\/wp\/v2\/types\/post"}],"author":[{"embeddable":true,"href":"https:\/\/portal.uab.pt\/uct\/wp-json\/wp\/v2\/users\/209"}],"replies":[{"embeddable":true,"href":"https:\/\/portal.uab.pt\/uct\/wp-json\/wp\/v2\/comments?post=1508"}],"version-history":[{"count":1,"href":"https:\/\/portal.uab.pt\/uct\/wp-json\/wp\/v2\/posts\/1508\/revisions"}],"predecessor-version":[{"id":1509,"href":"https:\/\/portal.uab.pt\/uct\/wp-json\/wp\/v2\/posts\/1508\/revisions\/1509"}],"wp:featuredmedia":[{"embeddable":true,"href":"https:\/\/portal.uab.pt\/uct\/wp-json\/wp\/v2\/media\/1504"}],"wp:attachment":[{"href":"https:\/\/portal.uab.pt\/uct\/wp-json\/wp\/v2\/media?parent=1508"}],"wp:term":[{"taxonomy":"category","embeddable":true,"href":"https:\/\/portal.uab.pt\/uct\/wp-json\/wp\/v2\/categories?post=1508"},{"taxonomy":"post_tag","embeddable":true,"href":"https:\/\/portal.uab.pt\/uct\/wp-json\/wp\/v2\/tags?post=1508"}],"curies":[{"name":"wp","href":"https:\/\/api.w.org\/{rel}","templated":true}]}}