{"id":1602,"date":"2022-12-13T14:41:15","date_gmt":"2022-12-13T14:41:15","guid":{"rendered":"https:\/\/portal.uab.pt\/umcla\/?p=1602"},"modified":"2022-12-13T14:41:40","modified_gmt":"2022-12-13T14:41:40","slug":"emprestimo-de-recursos-de-informacao-na-universidade-aberta-como-aceder-aos-recursos-fisicos-e-digitais","status":"publish","type":"post","link":"https:\/\/portal.uab.pt\/uct\/emprestimo-de-recursos-de-informacao-na-universidade-aberta-como-aceder-aos-recursos-fisicos-e-digitais\/","title":{"rendered":"Empr\u00e9stimo de recursos de informa\u00e7\u00e3o na Universidade Aberta &#8211; Como aceder aos recursos f\u00edsicos e digitais"},"content":{"rendered":"<p><img loading=\"lazy\" decoding=\"async\" class=\"size-medium wp-image-1600 aligncenter\" src=\"https:\/\/portal.uab.pt\/umcla\/wp-content\/uploads\/sites\/21\/2022\/12\/Emprestimo-de-recursos-UAb_cartaz-300x147.png\" alt=\"\" width=\"300\" height=\"147\" srcset=\"https:\/\/portal.uab.pt\/uct\/wp-content\/uploads\/sites\/21\/2022\/12\/Emprestimo-de-recursos-UAb_cartaz-300x147.png 300w, https:\/\/portal.uab.pt\/uct\/wp-content\/uploads\/sites\/21\/2022\/12\/Emprestimo-de-recursos-UAb_cartaz.png 700w\" sizes=\"auto, (max-width: 300px) 100vw, 300px\" \/><\/p>\n<p>&nbsp;<\/p>\n<p>Aconteceu no dia 29 de novembro de 2022 o webinar sobre Empr\u00e9stimo de recursos de informa\u00e7\u00e3o na Universidade Aberta &#8211; Como aceder aos recursos f\u00edsicos e digitais<strong>, <\/strong>organizada pelos Centro Locais de Aprendizagem de Abrantes, Ansi\u00e3o, Cantanhede, Porto de M\u00f3s, M\u00eada e Sabugal, com o apoio da Dire\u00e7\u00e3o dos Servi\u00e7os de Documenta\u00e7\u00e3o.<\/p>\n<p>A iniciativa encerrou o ciclo de webinares realizado em 2022, cujo objetivo foi desenvolver a\u00e7\u00f5es que ajudem os estudantes a melhorar a qualidade da aprendizagem, contribuindo assim para o seu sucesso escolar.<\/p>\n<p>No final desta sess\u00e3o os 55 participantes ficaram a saber que recursos gratuitos de informa\u00e7\u00e3o t\u00eam ao seu dispor, como e onde os podem obter (virtual ou presencialmente).<\/p>\n<p>Tratou-se de uma sess\u00e3o com uma vertente muito pr\u00e1tica tendo sido dinamizada por Madalena Carvalho, Diretora dos Servi\u00e7os de Documenta\u00e7\u00e3o da Universidade Aberta.<\/p>\n<p>&nbsp;<\/p>\n<p><img loading=\"lazy\" decoding=\"async\" class=\"size-medium wp-image-1601 aligncenter\" src=\"https:\/\/portal.uab.pt\/umcla\/wp-content\/uploads\/sites\/21\/2022\/12\/Emprestimo-de-recursos-UAb_publico-300x147.png\" alt=\"\" width=\"300\" height=\"147\" srcset=\"https:\/\/portal.uab.pt\/uct\/wp-content\/uploads\/sites\/21\/2022\/12\/Emprestimo-de-recursos-UAb_publico-300x147.png 300w, https:\/\/portal.uab.pt\/uct\/wp-content\/uploads\/sites\/21\/2022\/12\/Emprestimo-de-recursos-UAb_publico.png 700w\" sizes=\"auto, (max-width: 300px) 100vw, 300px\" \/> \u00a0\u00a0 <img loading=\"lazy\" decoding=\"async\" class=\"size-medium wp-image-1599 aligncenter\" src=\"https:\/\/portal.uab.pt\/umcla\/wp-content\/uploads\/sites\/21\/2022\/12\/Emprestimo-de-recursos-UAb_apresentacao-300x147.png\" alt=\"\" width=\"300\" height=\"147\" srcset=\"https:\/\/portal.uab.pt\/uct\/wp-content\/uploads\/sites\/21\/2022\/12\/Emprestimo-de-recursos-UAb_apresentacao-300x147.png 300w, https:\/\/portal.uab.pt\/uct\/wp-content\/uploads\/sites\/21\/2022\/12\/Emprestimo-de-recursos-UAb_apresentacao.png 700w\" sizes=\"auto, (max-width: 300px) 100vw, 300px\" \/><\/p>","protected":false},"excerpt":{"rendered":"<p>&nbsp; Aconteceu no dia 29 de novembro de 2022 o webinar sobre Empr\u00e9stimo de recursos de informa\u00e7\u00e3o na Universidade Aberta &#8211; Como aceder aos recursos f\u00edsicos e digitais, organizada pelos Centro Locais de Aprendizagem de Abrantes, Ansi\u00e3o, Cantanhede, Porto de M\u00f3s, M\u00eada e Sabugal, com o apoio da Dire\u00e7\u00e3o dos Servi\u00e7os de Documenta\u00e7\u00e3o. A iniciativa<a class=\"more-link\" href=\"https:\/\/portal.uab.pt\/uct\/emprestimo-de-recursos-de-informacao-na-universidade-aberta-como-aceder-aos-recursos-fisicos-e-digitais\/\">Ler +<\/a><\/p>\n","protected":false},"author":209,"featured_media":1600,"comment_status":"closed","ping_status":"closed","sticky":false,"template":"","format":"standard","meta":{"footnotes":""},"categories":[8],"tags":[],"class_list":["post-1602","post","type-post","status-publish","format-standard","has-post-thumbnail","hentry","category-arquivo","post-thumb"],"_links":{"self":[{"href":"https:\/\/portal.uab.pt\/uct\/wp-json\/wp\/v2\/posts\/1602","targetHints":{"allow":["GET"]}}],"collection":[{"href":"https:\/\/portal.uab.pt\/uct\/wp-json\/wp\/v2\/posts"}],"about":[{"href":"https:\/\/portal.uab.pt\/uct\/wp-json\/wp\/v2\/types\/post"}],"author":[{"embeddable":true,"href":"https:\/\/portal.uab.pt\/uct\/wp-json\/wp\/v2\/users\/209"}],"replies":[{"embeddable":true,"href":"https:\/\/portal.uab.pt\/uct\/wp-json\/wp\/v2\/comments?post=1602"}],"version-history":[{"count":2,"href":"https:\/\/portal.uab.pt\/uct\/wp-json\/wp\/v2\/posts\/1602\/revisions"}],"predecessor-version":[{"id":1604,"href":"https:\/\/portal.uab.pt\/uct\/wp-json\/wp\/v2\/posts\/1602\/revisions\/1604"}],"wp:featuredmedia":[{"embeddable":true,"href":"https:\/\/portal.uab.pt\/uct\/wp-json\/wp\/v2\/media\/1600"}],"wp:attachment":[{"href":"https:\/\/portal.uab.pt\/uct\/wp-json\/wp\/v2\/media?parent=1602"}],"wp:term":[{"taxonomy":"category","embeddable":true,"href":"https:\/\/portal.uab.pt\/uct\/wp-json\/wp\/v2\/categories?post=1602"},{"taxonomy":"post_tag","embeddable":true,"href":"https:\/\/portal.uab.pt\/uct\/wp-json\/wp\/v2\/tags?post=1602"}],"curies":[{"name":"wp","href":"https:\/\/api.w.org\/{rel}","templated":true}]}}