{"id":1625,"date":"2022-12-14T11:16:23","date_gmt":"2022-12-14T11:16:23","guid":{"rendered":"https:\/\/portal.uab.pt\/umcla\/?p=1625"},"modified":"2022-12-14T11:16:23","modified_gmt":"2022-12-14T11:16:23","slug":"economia-circular","status":"publish","type":"post","link":"https:\/\/portal.uab.pt\/uct\/economia-circular\/","title":{"rendered":"Economia Circular"},"content":{"rendered":"<p><img loading=\"lazy\" decoding=\"async\" class=\"alignnone size-medium wp-image-1624\" src=\"https:\/\/portal.uab.pt\/umcla\/wp-content\/uploads\/sites\/21\/2022\/12\/Economia-Circular-com-titulo-300x147.png\" alt=\"\" width=\"300\" height=\"147\" srcset=\"https:\/\/portal.uab.pt\/uct\/wp-content\/uploads\/sites\/21\/2022\/12\/Economia-Circular-com-titulo-300x147.png 300w, https:\/\/portal.uab.pt\/uct\/wp-content\/uploads\/sites\/21\/2022\/12\/Economia-Circular-com-titulo.png 700w\" sizes=\"auto, (max-width: 300px) 100vw, 300px\" \/><\/p>\n<p>&nbsp;<\/p>\n<p><strong>Designa\u00e7\u00e3o<\/strong>: Economia Circular<\/p>\n<p><strong>Enquadramento<\/strong>: Projeto que constituir\u00e1 uma candidatura da Funda\u00e7\u00e3o da Ribeira Grande, entidade privada dedicada ao desenvolvimento local, onde se inclui a \u00e1rea da forma\u00e7\u00e3o, \u00e0 gest\u00e3o de Fundos Comunit\u00e1rios \u2013 Programa L\u00edder +\/Grupo de A\u00e7\u00e3o Local \u2013 Pescas (GALPescas).<\/p>\n<p><strong>Entidades Promotoras \/ Coordenadoras:<\/strong> Funda\u00e7\u00e3o da Ribeira Grande<\/p>\n<p><strong>\u00a0<\/strong><strong>Entidades Parceiras: <\/strong>Universidade Aberta\/Centro Local de Aprendizagem, C\u00e2mara Municipal da Ribeira Grande e Associa\u00e7\u00e3o Solidariedade.<\/p>\n<p><strong>\u00a0<\/strong><strong>Descri\u00e7\u00e3o: <\/strong>Candidatura a gest\u00e3o de fundos comunit\u00e1rios que apoiem projetos de desenvolvimento local nas zonas costeiras da ilha.<\/p>\n<p><strong>Objetivos<\/strong>: Contribuir para a defini\u00e7\u00e3o de objetivos estrat\u00e9gicos de interven\u00e7\u00e3o no combate \u00e0s desigualdades e assimetrias, atrav\u00e9s de projetos de desenvolvimento local. Promover a Universidade Aberta como institui\u00e7\u00e3o socialmente comprometida, abrindo possibilidades para o desenvolvimento da investiga\u00e7\u00e3o produzida na Universidade.<\/p>\n<p><strong>Docentes da UAb envolvidos<\/strong>: M\u00e1rio Negas e Jos\u00e9 Porf\u00edrio (Departamento de Ci\u00eancias Sociais e de Gest\u00e3o).<\/p>\n<p><strong>Dura\u00e7\u00e3o<\/strong>: Candidatura a partir de 15 de janeiro de 2023, com dura\u00e7\u00e3o ainda por definir.<\/p>\n<p><strong>Resultados: <\/strong>Informa\u00e7\u00e3o dispon\u00edvel oportunamente. Perspetiva-se que a Universidade Aberta, como parceira do projeto, possa beneficiar de apoios financeiros para o desenvolvimento de novos projetos, no \u00e2mbito do desenvolvimento local.<\/p>","protected":false},"excerpt":{"rendered":"<p>&nbsp; Designa\u00e7\u00e3o: Economia Circular Enquadramento: Projeto que constituir\u00e1 uma candidatura da Funda\u00e7\u00e3o da Ribeira Grande, entidade privada dedicada ao desenvolvimento local, onde se inclui a \u00e1rea da forma\u00e7\u00e3o, \u00e0 gest\u00e3o de Fundos Comunit\u00e1rios \u2013 Programa L\u00edder +\/Grupo de A\u00e7\u00e3o Local \u2013 Pescas (GALPescas). Entidades Promotoras \/ Coordenadoras: Funda\u00e7\u00e3o da Ribeira Grande \u00a0Entidades Parceiras: Universidade Aberta\/Centro<a class=\"more-link\" href=\"https:\/\/portal.uab.pt\/uct\/economia-circular\/\">Ler +<\/a><\/p>\n","protected":false},"author":209,"featured_media":1624,"comment_status":"closed","ping_status":"closed","sticky":false,"template":"","format":"standard","meta":{"footnotes":""},"categories":[12],"tags":[],"class_list":["post-1625","post","type-post","status-publish","format-standard","has-post-thumbnail","hentry","category-projetos","post-thumb"],"_links":{"self":[{"href":"https:\/\/portal.uab.pt\/uct\/wp-json\/wp\/v2\/posts\/1625","targetHints":{"allow":["GET"]}}],"collection":[{"href":"https:\/\/portal.uab.pt\/uct\/wp-json\/wp\/v2\/posts"}],"about":[{"href":"https:\/\/portal.uab.pt\/uct\/wp-json\/wp\/v2\/types\/post"}],"author":[{"embeddable":true,"href":"https:\/\/portal.uab.pt\/uct\/wp-json\/wp\/v2\/users\/209"}],"replies":[{"embeddable":true,"href":"https:\/\/portal.uab.pt\/uct\/wp-json\/wp\/v2\/comments?post=1625"}],"version-history":[{"count":1,"href":"https:\/\/portal.uab.pt\/uct\/wp-json\/wp\/v2\/posts\/1625\/revisions"}],"predecessor-version":[{"id":1626,"href":"https:\/\/portal.uab.pt\/uct\/wp-json\/wp\/v2\/posts\/1625\/revisions\/1626"}],"wp:featuredmedia":[{"embeddable":true,"href":"https:\/\/portal.uab.pt\/uct\/wp-json\/wp\/v2\/media\/1624"}],"wp:attachment":[{"href":"https:\/\/portal.uab.pt\/uct\/wp-json\/wp\/v2\/media?parent=1625"}],"wp:term":[{"taxonomy":"category","embeddable":true,"href":"https:\/\/portal.uab.pt\/uct\/wp-json\/wp\/v2\/categories?post=1625"},{"taxonomy":"post_tag","embeddable":true,"href":"https:\/\/portal.uab.pt\/uct\/wp-json\/wp\/v2\/tags?post=1625"}],"curies":[{"name":"wp","href":"https:\/\/api.w.org\/{rel}","templated":true}]}}