{"id":1648,"date":"2023-01-06T10:51:12","date_gmt":"2023-01-06T10:51:12","guid":{"rendered":"https:\/\/portal.uab.pt\/umcla\/?p=1648"},"modified":"2023-01-06T10:58:34","modified_gmt":"2023-01-06T10:58:34","slug":"tres-pontos","status":"publish","type":"post","link":"https:\/\/portal.uab.pt\/uct\/tres-pontos\/","title":{"rendered":"Tr\u00eas Pontos&#8230;"},"content":{"rendered":"<p><img loading=\"lazy\" decoding=\"async\" class=\"alignnone size-medium wp-image-1647\" src=\"https:\/\/portal.uab.pt\/umcla\/wp-content\/uploads\/sites\/21\/2023\/01\/Tres-Pontos-300x147.png\" alt=\"\" width=\"300\" height=\"147\" srcset=\"https:\/\/portal.uab.pt\/uct\/wp-content\/uploads\/sites\/21\/2023\/01\/Tres-Pontos-300x147.png 300w, https:\/\/portal.uab.pt\/uct\/wp-content\/uploads\/sites\/21\/2023\/01\/Tres-Pontos.png 700w\" sizes=\"auto, (max-width: 300px) 100vw, 300px\" \/><\/p>\n<p>&nbsp;<\/p>\n<p><strong>Designa\u00e7\u00e3o: <\/strong>Tr\u00eas Pontos&#8230; (podcast)<\/p>\n<p><strong>Enquadramento:<\/strong> O programa podcast \u201cTr\u00eas Pontos\u201d pretende refor\u00e7ar o papel da Universidade Aberta, institui\u00e7\u00e3o de Ensino Superior, enquadrada num mundo em muta\u00e7\u00e3o, demonstrando que \u00e9 uma Universidade de futuro, com liga\u00e7\u00e3o aos territ\u00f3rios, ao conhecimento e com preocupa\u00e7\u00e3o em desempenhar um papel de lideran\u00e7a na discuss\u00e3o dos temas de interesse da atualidade.<\/p>\n<p><strong>Entidades Promotoras \/ Coordenadoras:<\/strong> Centros Locais de Aprendizagem de Ansi\u00e3o, Coruche, Montijo e Porto de M\u00f3s<\/p>\n<p><strong>Entidades Parceiras<\/strong>: Servi\u00e7os de Produ\u00e7\u00e3o Digital e Gabinete de Comunica\u00e7\u00e3o e Rela\u00e7\u00f5es Internacional da Universidade Aberta.<\/p>\n<p><strong>Descri\u00e7\u00e3o<\/strong>: A din\u00e2mica passa por convidar um especialista para responder a tr\u00eas quest\u00f5es sobre um tema de interesse nacional e internacional. Os temas de atualidade pretenderam servir como \u00e2ncora para fidelizar visualiza\u00e7\u00f5es, sendo uma a\u00e7\u00e3o de imagem\/promo\u00e7\u00e3o para a UAb, numa linguagem simples e acess\u00edvel.<\/p>\n<p><strong>Objetivos:<\/strong><\/p>\n<p>&#8211; Refor\u00e7ar o papel da Universidade Aberta enquanto institui\u00e7\u00e3o de Ensino Superior;<\/p>\n<p>&#8211; Refor\u00e7ar o papel de lideran\u00e7a da UAb na discuss\u00e3o dos temas de interesse da atualidade;<\/p>\n<p>&#8211; Fomentar din\u00e2micas colaborativas entre diversos servi\u00e7os da UAb;<\/p>\n<p>&#8211; Promover iniciativas que divulguem a investiga\u00e7\u00e3o produzida na UAb;<\/p>\n<p>&#8211; Promover a\u00e7\u00f5es e iniciativas que reforcem a responsabilidade social e ambiental da UAb.<\/p>\n<p><strong>Dura\u00e7\u00e3o: <\/strong>Permanente<\/p>\n<p><strong>Resultados<\/strong>:<\/p>\n<p>\u201cLixo marinho\u201d Sandra Caeiro (UAb)<\/p>\n<p>\u201cCiberseguran\u00e7a: aspectos cr\u00edticos\u201d Henrique S\u00e3o Mamede (UAb)<\/p>\n<p>\u201cDesperd\u00edcio Alimentar\u201d Joana Guerra Tadeu (Ambientalista Imperfeita)<\/p>","protected":false},"excerpt":{"rendered":"<p>&nbsp; Designa\u00e7\u00e3o: Tr\u00eas Pontos&#8230; (podcast) Enquadramento: O programa podcast \u201cTr\u00eas Pontos\u201d pretende refor\u00e7ar o papel da Universidade Aberta, institui\u00e7\u00e3o de Ensino Superior, enquadrada num mundo em muta\u00e7\u00e3o, demonstrando que \u00e9 uma Universidade de futuro, com liga\u00e7\u00e3o aos territ\u00f3rios, ao conhecimento e com preocupa\u00e7\u00e3o em desempenhar um papel de lideran\u00e7a na discuss\u00e3o dos temas de interesse<a class=\"more-link\" href=\"https:\/\/portal.uab.pt\/uct\/tres-pontos\/\">Ler +<\/a><\/p>\n","protected":false},"author":209,"featured_media":1647,"comment_status":"closed","ping_status":"closed","sticky":false,"template":"","format":"standard","meta":{"footnotes":""},"categories":[12],"tags":[],"class_list":["post-1648","post","type-post","status-publish","format-standard","has-post-thumbnail","hentry","category-projetos","post-thumb"],"_links":{"self":[{"href":"https:\/\/portal.uab.pt\/uct\/wp-json\/wp\/v2\/posts\/1648","targetHints":{"allow":["GET"]}}],"collection":[{"href":"https:\/\/portal.uab.pt\/uct\/wp-json\/wp\/v2\/posts"}],"about":[{"href":"https:\/\/portal.uab.pt\/uct\/wp-json\/wp\/v2\/types\/post"}],"author":[{"embeddable":true,"href":"https:\/\/portal.uab.pt\/uct\/wp-json\/wp\/v2\/users\/209"}],"replies":[{"embeddable":true,"href":"https:\/\/portal.uab.pt\/uct\/wp-json\/wp\/v2\/comments?post=1648"}],"version-history":[{"count":4,"href":"https:\/\/portal.uab.pt\/uct\/wp-json\/wp\/v2\/posts\/1648\/revisions"}],"predecessor-version":[{"id":1652,"href":"https:\/\/portal.uab.pt\/uct\/wp-json\/wp\/v2\/posts\/1648\/revisions\/1652"}],"wp:featuredmedia":[{"embeddable":true,"href":"https:\/\/portal.uab.pt\/uct\/wp-json\/wp\/v2\/media\/1647"}],"wp:attachment":[{"href":"https:\/\/portal.uab.pt\/uct\/wp-json\/wp\/v2\/media?parent=1648"}],"wp:term":[{"taxonomy":"category","embeddable":true,"href":"https:\/\/portal.uab.pt\/uct\/wp-json\/wp\/v2\/categories?post=1648"},{"taxonomy":"post_tag","embeddable":true,"href":"https:\/\/portal.uab.pt\/uct\/wp-json\/wp\/v2\/tags?post=1648"}],"curies":[{"name":"wp","href":"https:\/\/api.w.org\/{rel}","templated":true}]}}