{"id":1709,"date":"2023-01-25T17:27:57","date_gmt":"2023-01-25T17:27:57","guid":{"rendered":"https:\/\/portal.uab.pt\/umcla\/?p=1709"},"modified":"2023-01-25T17:29:07","modified_gmt":"2023-01-25T17:29:07","slug":"luto-pensar-a-morte-conversas-sobre-a-vida","status":"publish","type":"post","link":"https:\/\/portal.uab.pt\/uct\/luto-pensar-a-morte-conversas-sobre-a-vida\/","title":{"rendered":"Luto: Pensar a Morte, Conversas sobre a Vida"},"content":{"rendered":"<p><img loading=\"lazy\" decoding=\"async\" class=\"size-medium wp-image-1681 aligncenter\" src=\"https:\/\/portal.uab.pt\/umcla\/wp-content\/uploads\/sites\/21\/2023\/01\/Gestao-emocional_cartaz-300x147.png\" alt=\"\" width=\"300\" height=\"147\" srcset=\"https:\/\/portal.uab.pt\/uct\/wp-content\/uploads\/sites\/21\/2023\/01\/Gestao-emocional_cartaz-300x147.png 300w, https:\/\/portal.uab.pt\/uct\/wp-content\/uploads\/sites\/21\/2023\/01\/Gestao-emocional_cartaz.png 700w\" sizes=\"auto, (max-width: 300px) 100vw, 300px\" \/><\/p>\n<p>&nbsp;<\/p>\n<p>Aconteceu no dia 20 de janeiro, na Biblioteca Municipal do Sabugal a palestra \u2018Luto: Pensar a Morte, Conversas sobre a Vida\u2019. Esta foi a primeira de quatro palestras sobre \u2018Gest\u00e3o Emocional e Transforma\u00e7\u00e3o\u2019, todas elas dedicadas a temas sociais contempor\u00e2neos que, por estarem associados \u00e0 finitude, \u00e0 perda ou ainda ao fracasso, carregam, usualmente, um profundo peso emocional.<\/p>\n<p>A sess\u00e3o de abertura ficou a cargo de Am\u00e1lia Fonseca, Coordenadora do Centro Local de Aprendizagem, da Universidade Aberta, que apresentou os objetivos e datas do Ciclo de Palestras. Seguiram-se as interven\u00e7\u00f5es de Soraia Pestana, t\u00e9cnica do CLDS 4G-Sabugal Ativo, e de Susana S\u00e9rgio, Psic\u00f3loga e MasterCoach, com a modera\u00e7\u00e3o de Ana Morgado, Soci\u00f3loga do Munic\u00edpio do Sabugal.<\/p>\n<p>Por ser uma tem\u00e1tica desafiante e transformadora, vivenciada por todos, observou-se um especial interesse dos presentes, que em v\u00e1rios momentos participaram na conversa, partilhando experi\u00eancias pessoais.<\/p>\n<p>Este Ciclo de Palestras \u00e9 uma organiza\u00e7\u00e3o conjunta do Centro Local de Aprendizagem, da Universidade Aberta, do Munic\u00edpio desta localidade e do Contrato Local de Desenvolvimento Social 4G-Sabugal Ativo.<\/p>\n<p>&nbsp;<\/p>\n<p><img loading=\"lazy\" decoding=\"async\" class=\"size-medium wp-image-1711 aligncenter\" src=\"https:\/\/portal.uab.pt\/umcla\/wp-content\/uploads\/sites\/21\/2023\/01\/Gestao-emocional_Conversas-sobre-a-Vida_Luto_mesa-300x147.png\" alt=\"\" width=\"300\" height=\"147\" srcset=\"https:\/\/portal.uab.pt\/uct\/wp-content\/uploads\/sites\/21\/2023\/01\/Gestao-emocional_Conversas-sobre-a-Vida_Luto_mesa-300x147.png 300w, https:\/\/portal.uab.pt\/uct\/wp-content\/uploads\/sites\/21\/2023\/01\/Gestao-emocional_Conversas-sobre-a-Vida_Luto_mesa.png 700w\" sizes=\"auto, (max-width: 300px) 100vw, 300px\" \/> \u00a0\u00a0 <img loading=\"lazy\" decoding=\"async\" class=\"size-medium wp-image-1712 aligncenter\" src=\"https:\/\/portal.uab.pt\/umcla\/wp-content\/uploads\/sites\/21\/2023\/01\/Gestao-emocional_Conversas-sobre-a-Vida_Luto_publico-300x147.png\" alt=\"\" width=\"300\" height=\"147\" srcset=\"https:\/\/portal.uab.pt\/uct\/wp-content\/uploads\/sites\/21\/2023\/01\/Gestao-emocional_Conversas-sobre-a-Vida_Luto_publico-300x147.png 300w, https:\/\/portal.uab.pt\/uct\/wp-content\/uploads\/sites\/21\/2023\/01\/Gestao-emocional_Conversas-sobre-a-Vida_Luto_publico.png 700w\" sizes=\"auto, (max-width: 300px) 100vw, 300px\" \/><\/p>","protected":false},"excerpt":{"rendered":"<p>&nbsp; Aconteceu no dia 20 de janeiro, na Biblioteca Municipal do Sabugal a palestra \u2018Luto: Pensar a Morte, Conversas sobre a Vida\u2019. Esta foi a primeira de quatro palestras sobre \u2018Gest\u00e3o Emocional e Transforma\u00e7\u00e3o\u2019, todas elas dedicadas a temas sociais contempor\u00e2neos que, por estarem associados \u00e0 finitude, \u00e0 perda ou ainda ao fracasso, carregam, usualmente,<a class=\"more-link\" href=\"https:\/\/portal.uab.pt\/uct\/luto-pensar-a-morte-conversas-sobre-a-vida\/\">Ler +<\/a><\/p>\n","protected":false},"author":209,"featured_media":1681,"comment_status":"closed","ping_status":"closed","sticky":false,"template":"","format":"standard","meta":{"footnotes":""},"categories":[8],"tags":[],"class_list":["post-1709","post","type-post","status-publish","format-standard","has-post-thumbnail","hentry","category-arquivo","post-thumb"],"_links":{"self":[{"href":"https:\/\/portal.uab.pt\/uct\/wp-json\/wp\/v2\/posts\/1709","targetHints":{"allow":["GET"]}}],"collection":[{"href":"https:\/\/portal.uab.pt\/uct\/wp-json\/wp\/v2\/posts"}],"about":[{"href":"https:\/\/portal.uab.pt\/uct\/wp-json\/wp\/v2\/types\/post"}],"author":[{"embeddable":true,"href":"https:\/\/portal.uab.pt\/uct\/wp-json\/wp\/v2\/users\/209"}],"replies":[{"embeddable":true,"href":"https:\/\/portal.uab.pt\/uct\/wp-json\/wp\/v2\/comments?post=1709"}],"version-history":[{"count":2,"href":"https:\/\/portal.uab.pt\/uct\/wp-json\/wp\/v2\/posts\/1709\/revisions"}],"predecessor-version":[{"id":1713,"href":"https:\/\/portal.uab.pt\/uct\/wp-json\/wp\/v2\/posts\/1709\/revisions\/1713"}],"wp:featuredmedia":[{"embeddable":true,"href":"https:\/\/portal.uab.pt\/uct\/wp-json\/wp\/v2\/media\/1681"}],"wp:attachment":[{"href":"https:\/\/portal.uab.pt\/uct\/wp-json\/wp\/v2\/media?parent=1709"}],"wp:term":[{"taxonomy":"category","embeddable":true,"href":"https:\/\/portal.uab.pt\/uct\/wp-json\/wp\/v2\/categories?post=1709"},{"taxonomy":"post_tag","embeddable":true,"href":"https:\/\/portal.uab.pt\/uct\/wp-json\/wp\/v2\/tags?post=1709"}],"curies":[{"name":"wp","href":"https:\/\/api.w.org\/{rel}","templated":true}]}}