{"id":2033,"date":"2023-03-27T14:57:30","date_gmt":"2023-03-27T14:57:30","guid":{"rendered":"https:\/\/portal.uab.pt\/umcla\/?p=2033"},"modified":"2023-03-27T14:57:30","modified_gmt":"2023-03-27T14:57:30","slug":"iq-cuidados-gerontologicos","status":"publish","type":"post","link":"https:\/\/portal.uab.pt\/uct\/iq-cuidados-gerontologicos\/","title":{"rendered":"I&amp;Q cuidados gerontol\u00f3gicos"},"content":{"rendered":"<p><img loading=\"lazy\" decoding=\"async\" class=\"size-medium wp-image-2030 aligncenter\" src=\"https:\/\/portal.uab.pt\/umcla\/wp-content\/uploads\/sites\/21\/2023\/03\/Cuidados-gerontologicos_cartaz-300x147.png\" alt=\"\" width=\"300\" height=\"147\" srcset=\"https:\/\/portal.uab.pt\/uct\/wp-content\/uploads\/sites\/21\/2023\/03\/Cuidados-gerontologicos_cartaz-300x147.png 300w, https:\/\/portal.uab.pt\/uct\/wp-content\/uploads\/sites\/21\/2023\/03\/Cuidados-gerontologicos_cartaz.png 700w\" sizes=\"auto, (max-width: 300px) 100vw, 300px\" \/><\/p>\n<p>&nbsp;<\/p>\n<p>Aconteceu no dia 16 de mar\u00e7o de 2023 o <strong>Webinar I&amp;Q cuidados gerontol\u00f3gicos<\/strong> que teve como objetivos essenciais:<\/p>\n<p>&#8211; salientar a import\u00e2ncia da inova\u00e7\u00e3o e da qualidade das respostas gerontol\u00f3gicas;<\/p>\n<p>&#8211; refor\u00e7ar a pertin\u00eancia da forma\u00e7\u00e3o profissional na Estrutura Residencial Para Pessoas Idosas (ERPIS);<\/p>\n<p>&#8211; promover a discuss\u00e3o de determinantes multidisciplinares envolvidos em ambientes residenciais.<\/p>\n<p>Para a concretiza\u00e7\u00e3o destes objetivos foram proferidas as seguintes comunica\u00e7\u00f5es:<\/p>\n<p>\u2013 Enfrentamento da qualidade dos cuidados em contexto pand\u00e9mico e p\u00f3s-pand\u00e9mico| Zaida Azeredo (Hospital Santa Maria \u2013 Porto)<\/p>\n<p>\u2013 Inova\u00e7\u00e3o para a sustentabilidade das respostas gerontol\u00f3gicas | Ign\u00e1cio Martin (Universidade de Aveiro)<\/p>\n<p>\u2013 Refer\u00eancias da qualidade nos cuidados gerontol\u00f3gicos | Manuela Martins (CINTESIS \u2013 Centro de Investiga\u00e7\u00e3o em Tecnologias e Servi\u00e7os de Sa\u00fade)<\/p>\n<p>A sess\u00e3o contou ainda com o Diretor da Unidade de Aprendizagem ao Longo da Vida, Fernando Caetano (Abertura da sess\u00e3o) e com o Coordenador do Centro Local de Aprendizagem da Madalena, Sandro Jorge (modera\u00e7\u00e3o).<\/p>\n<p>A organiza\u00e7\u00e3o esteve a cargo dos Centros Locais de Aprendizagem da Universidade Aberta em Cantanhede, Gr\u00e2ndola, Madalena, Peso da R\u00e9gua, Ponte de Lima e S\u00e3o Jo\u00e3o da Madeira.<\/p>\n<p>&nbsp;<\/p>\n<p><img loading=\"lazy\" decoding=\"async\" class=\"size-medium wp-image-2031 aligncenter\" src=\"https:\/\/portal.uab.pt\/umcla\/wp-content\/uploads\/sites\/21\/2023\/03\/Cuidados-gerontologicos_orador-300x147.png\" alt=\"\" width=\"300\" height=\"147\" srcset=\"https:\/\/portal.uab.pt\/uct\/wp-content\/uploads\/sites\/21\/2023\/03\/Cuidados-gerontologicos_orador-300x147.png 300w, https:\/\/portal.uab.pt\/uct\/wp-content\/uploads\/sites\/21\/2023\/03\/Cuidados-gerontologicos_orador.png 700w\" sizes=\"auto, (max-width: 300px) 100vw, 300px\" \/> \u00a0\u00a0 <img loading=\"lazy\" decoding=\"async\" class=\"size-medium wp-image-2032 aligncenter\" src=\"https:\/\/portal.uab.pt\/umcla\/wp-content\/uploads\/sites\/21\/2023\/03\/Cuidados-gerontologicos_organizacao-300x147.png\" alt=\"\" width=\"300\" height=\"147\" srcset=\"https:\/\/portal.uab.pt\/uct\/wp-content\/uploads\/sites\/21\/2023\/03\/Cuidados-gerontologicos_organizacao-300x147.png 300w, https:\/\/portal.uab.pt\/uct\/wp-content\/uploads\/sites\/21\/2023\/03\/Cuidados-gerontologicos_organizacao.png 700w\" sizes=\"auto, (max-width: 300px) 100vw, 300px\" \/><\/p>","protected":false},"excerpt":{"rendered":"<p>&nbsp; Aconteceu no dia 16 de mar\u00e7o de 2023 o Webinar I&amp;Q cuidados gerontol\u00f3gicos que teve como objetivos essenciais: &#8211; salientar a import\u00e2ncia da inova\u00e7\u00e3o e da qualidade das respostas gerontol\u00f3gicas; &#8211; refor\u00e7ar a pertin\u00eancia da forma\u00e7\u00e3o profissional na Estrutura Residencial Para Pessoas Idosas (ERPIS); &#8211; promover a discuss\u00e3o de determinantes multidisciplinares envolvidos em ambientes<a class=\"more-link\" href=\"https:\/\/portal.uab.pt\/uct\/iq-cuidados-gerontologicos\/\">Ler +<\/a><\/p>\n","protected":false},"author":209,"featured_media":2030,"comment_status":"closed","ping_status":"closed","sticky":false,"template":"","format":"standard","meta":{"footnotes":""},"categories":[8],"tags":[],"class_list":["post-2033","post","type-post","status-publish","format-standard","has-post-thumbnail","hentry","category-arquivo","post-thumb"],"_links":{"self":[{"href":"https:\/\/portal.uab.pt\/uct\/wp-json\/wp\/v2\/posts\/2033","targetHints":{"allow":["GET"]}}],"collection":[{"href":"https:\/\/portal.uab.pt\/uct\/wp-json\/wp\/v2\/posts"}],"about":[{"href":"https:\/\/portal.uab.pt\/uct\/wp-json\/wp\/v2\/types\/post"}],"author":[{"embeddable":true,"href":"https:\/\/portal.uab.pt\/uct\/wp-json\/wp\/v2\/users\/209"}],"replies":[{"embeddable":true,"href":"https:\/\/portal.uab.pt\/uct\/wp-json\/wp\/v2\/comments?post=2033"}],"version-history":[{"count":1,"href":"https:\/\/portal.uab.pt\/uct\/wp-json\/wp\/v2\/posts\/2033\/revisions"}],"predecessor-version":[{"id":2034,"href":"https:\/\/portal.uab.pt\/uct\/wp-json\/wp\/v2\/posts\/2033\/revisions\/2034"}],"wp:featuredmedia":[{"embeddable":true,"href":"https:\/\/portal.uab.pt\/uct\/wp-json\/wp\/v2\/media\/2030"}],"wp:attachment":[{"href":"https:\/\/portal.uab.pt\/uct\/wp-json\/wp\/v2\/media?parent=2033"}],"wp:term":[{"taxonomy":"category","embeddable":true,"href":"https:\/\/portal.uab.pt\/uct\/wp-json\/wp\/v2\/categories?post=2033"},{"taxonomy":"post_tag","embeddable":true,"href":"https:\/\/portal.uab.pt\/uct\/wp-json\/wp\/v2\/tags?post=2033"}],"curies":[{"name":"wp","href":"https:\/\/api.w.org\/{rel}","templated":true}]}}