{"id":2151,"date":"2023-04-04T14:20:24","date_gmt":"2023-04-04T14:20:24","guid":{"rendered":"https:\/\/portal.uab.pt\/umcla\/?p=2151"},"modified":"2023-04-04T14:20:24","modified_gmt":"2023-04-04T14:20:24","slug":"encontro-do-clube-de-leitura-de-meda","status":"publish","type":"post","link":"https:\/\/portal.uab.pt\/uct\/encontro-do-clube-de-leitura-de-meda\/","title":{"rendered":"Encontro do Clube de Leitura de M\u00eada"},"content":{"rendered":"<p><img loading=\"lazy\" decoding=\"async\" class=\"size-medium wp-image-2148 aligncenter\" src=\"https:\/\/portal.uab.pt\/umcla\/wp-content\/uploads\/sites\/21\/2023\/04\/Clube-leitura-Meda_Cerejas-maduras_capa-livro-300x147.png\" alt=\"\" width=\"300\" height=\"147\" srcset=\"https:\/\/portal.uab.pt\/uct\/wp-content\/uploads\/sites\/21\/2023\/04\/Clube-leitura-Meda_Cerejas-maduras_capa-livro-300x147.png 300w, https:\/\/portal.uab.pt\/uct\/wp-content\/uploads\/sites\/21\/2023\/04\/Clube-leitura-Meda_Cerejas-maduras_capa-livro.png 700w\" sizes=\"auto, (max-width: 300px) 100vw, 300px\" \/><\/p>\n<p>&nbsp;<\/p>\n<p>Aconteceu no dia 01 de abril mais um <strong>Encontro do Clube de Leitura de M\u00eada<\/strong>, desta vez inserido na programa\u00e7\u00e3o da <strong>XXV Feira do Livro<\/strong> a decorrer nesta cidade. Cristina Maria Rodrigues do Santos, professora bibliotec\u00e1ria em Aguiar Beira e antiga estudante do Mestrado em Informa\u00e7\u00e3o e Gest\u00e3o de Bibliotecas Escolares da Universidade Aberta, foi a convidada para este encontro. \u00c9 autora da obra &#8220;No tempo das Cerejas Maduras&#8221; que foi apresentada como sendo uma forma de terapia e serviu como exemplo para a apresenta\u00e7\u00e3o da Biblioterapia e a sua import\u00e2ncia como um poss\u00edvel instrumento de cura. Com alguns exerc\u00edcios pr\u00e1ticos os participantes tiveram oportunidade de compreender a import\u00e2ncia da leitura e da escrita para melhorar a sua sa\u00fade mental. Foi uma sess\u00e3o muito participada, gra\u00e7as ao dinamismo incutido pela convidada.<\/p>\n<p>O <strong>Clube de Leitura de M\u00eada<\/strong> \u00e9 uma organiza\u00e7\u00e3o de Centro Local de Aprendizagem, em parceria com o Munic\u00edpio de M\u00eada, a Academia S\u00e9nior e o Agrupamento de Escolas.<\/p>\n<p>&nbsp;<\/p>\n<p><img loading=\"lazy\" decoding=\"async\" class=\"size-medium wp-image-2149 aligncenter\" src=\"https:\/\/portal.uab.pt\/umcla\/wp-content\/uploads\/sites\/21\/2023\/04\/Clube-leitura-Meda_Cerejas-maduras_publico-300x147.png\" alt=\"\" width=\"300\" height=\"147\" srcset=\"https:\/\/portal.uab.pt\/uct\/wp-content\/uploads\/sites\/21\/2023\/04\/Clube-leitura-Meda_Cerejas-maduras_publico-300x147.png 300w, https:\/\/portal.uab.pt\/uct\/wp-content\/uploads\/sites\/21\/2023\/04\/Clube-leitura-Meda_Cerejas-maduras_publico.png 700w\" sizes=\"auto, (max-width: 300px) 100vw, 300px\" \/><\/p>","protected":false},"excerpt":{"rendered":"<p>&nbsp; Aconteceu no dia 01 de abril mais um Encontro do Clube de Leitura de M\u00eada, desta vez inserido na programa\u00e7\u00e3o da XXV Feira do Livro a decorrer nesta cidade. Cristina Maria Rodrigues do Santos, professora bibliotec\u00e1ria em Aguiar Beira e antiga estudante do Mestrado em Informa\u00e7\u00e3o e Gest\u00e3o de Bibliotecas Escolares da Universidade Aberta,<a class=\"more-link\" href=\"https:\/\/portal.uab.pt\/uct\/encontro-do-clube-de-leitura-de-meda\/\">Ler +<\/a><\/p>\n","protected":false},"author":209,"featured_media":2148,"comment_status":"closed","ping_status":"closed","sticky":false,"template":"","format":"standard","meta":{"footnotes":""},"categories":[8],"tags":[],"class_list":["post-2151","post","type-post","status-publish","format-standard","has-post-thumbnail","hentry","category-arquivo","post-thumb"],"_links":{"self":[{"href":"https:\/\/portal.uab.pt\/uct\/wp-json\/wp\/v2\/posts\/2151","targetHints":{"allow":["GET"]}}],"collection":[{"href":"https:\/\/portal.uab.pt\/uct\/wp-json\/wp\/v2\/posts"}],"about":[{"href":"https:\/\/portal.uab.pt\/uct\/wp-json\/wp\/v2\/types\/post"}],"author":[{"embeddable":true,"href":"https:\/\/portal.uab.pt\/uct\/wp-json\/wp\/v2\/users\/209"}],"replies":[{"embeddable":true,"href":"https:\/\/portal.uab.pt\/uct\/wp-json\/wp\/v2\/comments?post=2151"}],"version-history":[{"count":1,"href":"https:\/\/portal.uab.pt\/uct\/wp-json\/wp\/v2\/posts\/2151\/revisions"}],"predecessor-version":[{"id":2152,"href":"https:\/\/portal.uab.pt\/uct\/wp-json\/wp\/v2\/posts\/2151\/revisions\/2152"}],"wp:featuredmedia":[{"embeddable":true,"href":"https:\/\/portal.uab.pt\/uct\/wp-json\/wp\/v2\/media\/2148"}],"wp:attachment":[{"href":"https:\/\/portal.uab.pt\/uct\/wp-json\/wp\/v2\/media?parent=2151"}],"wp:term":[{"taxonomy":"category","embeddable":true,"href":"https:\/\/portal.uab.pt\/uct\/wp-json\/wp\/v2\/categories?post=2151"},{"taxonomy":"post_tag","embeddable":true,"href":"https:\/\/portal.uab.pt\/uct\/wp-json\/wp\/v2\/tags?post=2151"}],"curies":[{"name":"wp","href":"https:\/\/api.w.org\/{rel}","templated":true}]}}