{"id":2270,"date":"2023-05-04T08:54:04","date_gmt":"2023-05-04T08:54:04","guid":{"rendered":"https:\/\/portal.uab.pt\/umcla\/?p=2270"},"modified":"2023-05-04T08:54:39","modified_gmt":"2023-05-04T08:54:39","slug":"2270-2","status":"publish","type":"post","link":"https:\/\/portal.uab.pt\/uct\/2270-2\/","title":{"rendered":"34\u00aa Sess\u00e3o do Clube de Leitura do Sabugal"},"content":{"rendered":"<p><img loading=\"lazy\" decoding=\"async\" class=\"size-medium wp-image-2267 aligncenter\" src=\"https:\/\/portal.uab.pt\/umcla\/wp-content\/uploads\/sites\/21\/2023\/05\/34-Clube-Leitura-Sabugal_cartaz-300x147.png\" alt=\"\" width=\"300\" height=\"147\" srcset=\"https:\/\/portal.uab.pt\/uct\/wp-content\/uploads\/sites\/21\/2023\/05\/34-Clube-Leitura-Sabugal_cartaz-300x147.png 300w, https:\/\/portal.uab.pt\/uct\/wp-content\/uploads\/sites\/21\/2023\/05\/34-Clube-Leitura-Sabugal_cartaz.png 700w\" sizes=\"auto, (max-width: 300px) 100vw, 300px\" \/><\/p>\n<p>&nbsp;<\/p>\n<p>Aconteceu no dia 24 de abril, na Biblioteca Municipal do Sabugal, a <strong>34\u00aa sess\u00e3o do Clube de Leitura do Sabugal<\/strong>, organizada pelo Munic\u00edpio e pelo Centro Local de Aprendizagem da Universidade Aberta.<\/p>\n<p>Esta sess\u00e3o, subordinada ao tema \u201c<strong>Todos a Ler<\/strong>\u201d, apresentou-se como um Encontro Intergeracional de Leitura, que contou com a participa\u00e7\u00e3o especial de 43 alunos do ensino secund\u00e1rio do Agrupamento de Escolas do Sabugal, 4 professores e 16 membros do Clube de Leitura, num total de 63 participantes.<\/p>\n<p>Jos\u00e9 Coelho, Professor Bibliotec\u00e1rio da Escola Secund\u00e1ria do Sabugal, conduziu a sess\u00e3o, recriando em tra\u00e7os gerais a hist\u00f3ria da escrita, desde os seus prim\u00f3rdios at\u00e9 \u00e0 atualidade, e evocando a fun\u00e7\u00e3o dos livros ao longo do tempo. Foram lidos alguns textos por alunos, antes de dedicar um espa\u00e7o final ao testemunho de v\u00e1rios membros do Clube de Leitura sobre os seus h\u00e1bitos de leitura e sobre a import\u00e2ncia da forma\u00e7\u00e3o escolar nas suas vidas.<\/p>\n<p>&nbsp;<\/p>\n<p><img loading=\"lazy\" decoding=\"async\" class=\"size-medium wp-image-2268 aligncenter\" src=\"https:\/\/portal.uab.pt\/umcla\/wp-content\/uploads\/sites\/21\/2023\/05\/34-Clube-Leitura-Sabugal_orador-300x147.png\" alt=\"\" width=\"300\" height=\"147\" srcset=\"https:\/\/portal.uab.pt\/uct\/wp-content\/uploads\/sites\/21\/2023\/05\/34-Clube-Leitura-Sabugal_orador-300x147.png 300w, https:\/\/portal.uab.pt\/uct\/wp-content\/uploads\/sites\/21\/2023\/05\/34-Clube-Leitura-Sabugal_orador.png 700w\" sizes=\"auto, (max-width: 300px) 100vw, 300px\" \/> \u00a0\u00a0 <img loading=\"lazy\" decoding=\"async\" class=\"size-medium wp-image-2269 aligncenter\" src=\"https:\/\/portal.uab.pt\/umcla\/wp-content\/uploads\/sites\/21\/2023\/05\/34-Clube-Leitura-Sabugal_publico-300x147.png\" alt=\"\" width=\"300\" height=\"147\" srcset=\"https:\/\/portal.uab.pt\/uct\/wp-content\/uploads\/sites\/21\/2023\/05\/34-Clube-Leitura-Sabugal_publico-300x147.png 300w, https:\/\/portal.uab.pt\/uct\/wp-content\/uploads\/sites\/21\/2023\/05\/34-Clube-Leitura-Sabugal_publico.png 700w\" sizes=\"auto, (max-width: 300px) 100vw, 300px\" \/><\/p>","protected":false},"excerpt":{"rendered":"<p>&nbsp; Aconteceu no dia 24 de abril, na Biblioteca Municipal do Sabugal, a 34\u00aa sess\u00e3o do Clube de Leitura do Sabugal, organizada pelo Munic\u00edpio e pelo Centro Local de Aprendizagem da Universidade Aberta. Esta sess\u00e3o, subordinada ao tema \u201cTodos a Ler\u201d, apresentou-se como um Encontro Intergeracional de Leitura, que contou com a participa\u00e7\u00e3o especial de<a class=\"more-link\" href=\"https:\/\/portal.uab.pt\/uct\/2270-2\/\">Ler +<\/a><\/p>\n","protected":false},"author":209,"featured_media":2267,"comment_status":"closed","ping_status":"closed","sticky":false,"template":"","format":"standard","meta":{"footnotes":""},"categories":[8],"tags":[],"class_list":["post-2270","post","type-post","status-publish","format-standard","has-post-thumbnail","hentry","category-arquivo","post-thumb"],"_links":{"self":[{"href":"https:\/\/portal.uab.pt\/uct\/wp-json\/wp\/v2\/posts\/2270","targetHints":{"allow":["GET"]}}],"collection":[{"href":"https:\/\/portal.uab.pt\/uct\/wp-json\/wp\/v2\/posts"}],"about":[{"href":"https:\/\/portal.uab.pt\/uct\/wp-json\/wp\/v2\/types\/post"}],"author":[{"embeddable":true,"href":"https:\/\/portal.uab.pt\/uct\/wp-json\/wp\/v2\/users\/209"}],"replies":[{"embeddable":true,"href":"https:\/\/portal.uab.pt\/uct\/wp-json\/wp\/v2\/comments?post=2270"}],"version-history":[{"count":2,"href":"https:\/\/portal.uab.pt\/uct\/wp-json\/wp\/v2\/posts\/2270\/revisions"}],"predecessor-version":[{"id":2272,"href":"https:\/\/portal.uab.pt\/uct\/wp-json\/wp\/v2\/posts\/2270\/revisions\/2272"}],"wp:featuredmedia":[{"embeddable":true,"href":"https:\/\/portal.uab.pt\/uct\/wp-json\/wp\/v2\/media\/2267"}],"wp:attachment":[{"href":"https:\/\/portal.uab.pt\/uct\/wp-json\/wp\/v2\/media?parent=2270"}],"wp:term":[{"taxonomy":"category","embeddable":true,"href":"https:\/\/portal.uab.pt\/uct\/wp-json\/wp\/v2\/categories?post=2270"},{"taxonomy":"post_tag","embeddable":true,"href":"https:\/\/portal.uab.pt\/uct\/wp-json\/wp\/v2\/tags?post=2270"}],"curies":[{"name":"wp","href":"https:\/\/api.w.org\/{rel}","templated":true}]}}