{"id":2363,"date":"2023-05-30T11:12:24","date_gmt":"2023-05-30T11:12:24","guid":{"rendered":"https:\/\/portal.uab.pt\/umcla\/?p=2363"},"modified":"2023-05-30T11:12:44","modified_gmt":"2023-05-30T11:12:44","slug":"educativa-mostra-de-oferta-formativa-e-educativa","status":"publish","type":"post","link":"https:\/\/portal.uab.pt\/uct\/educativa-mostra-de-oferta-formativa-e-educativa\/","title":{"rendered":"EducATIVA &#8211; mostra de oferta formativa e educativa"},"content":{"rendered":"<p><img loading=\"lazy\" decoding=\"async\" class=\"size-medium wp-image-2360 aligncenter\" src=\"https:\/\/portal.uab.pt\/umcla\/wp-content\/uploads\/sites\/21\/2023\/05\/Mostra-EducAtiva_Cartaz-300x147.png\" alt=\"\" width=\"300\" height=\"147\" srcset=\"https:\/\/portal.uab.pt\/uct\/wp-content\/uploads\/sites\/21\/2023\/05\/Mostra-EducAtiva_Cartaz-300x147.png 300w, https:\/\/portal.uab.pt\/uct\/wp-content\/uploads\/sites\/21\/2023\/05\/Mostra-EducAtiva_Cartaz.png 700w\" sizes=\"auto, (max-width: 300px) 100vw, 300px\" \/><\/p>\n<p>&nbsp;<\/p>\n<p>Aconteceu no dia 5 de maio de 2023 a <strong>EducATIVA<\/strong>, mostra de oferta formativa e educativa, promovida pelo Munic\u00edpio da Sert\u00e3, na qual esteve presente a Universidade Aberta, representada pelo seu Centro Local de Aprendizagem de Ansi\u00e3o, a convite do Contrato Local de Desenvolvimento Social (CLDS) Sert\u00e3Envolve.<\/p>\n<p>Tratou-se da 2\u00aa edi\u00e7\u00e3o deste certame que decorreu na alameda da Carvalha, na Sert\u00e3, cujo objetivo passa pela divulga\u00e7\u00e3o da oferta formativa e educativa do concelho e da regi\u00e3o, dando a conhecer as diversas \u00e1reas do saber em diferentes n\u00edveis e tipos de ensino.<\/p>\n<p>Muitos foram os jovens e adultos que passaram pela mostra e que desta forma puderam ter um contato mais pr\u00f3ximo com as diversas entidades presentes, nomeadamente com a Universidade Aberta, e com as v\u00e1rias op\u00e7\u00f5es em termos de oferta educativa e formativa.<\/p>\n<p>&nbsp;<\/p>\n<p><img loading=\"lazy\" decoding=\"async\" class=\"size-medium wp-image-2361 aligncenter\" src=\"https:\/\/portal.uab.pt\/umcla\/wp-content\/uploads\/sites\/21\/2023\/05\/Mostra-EducAtiva_Dunia-300x147.png\" alt=\"\" width=\"300\" height=\"147\" srcset=\"https:\/\/portal.uab.pt\/uct\/wp-content\/uploads\/sites\/21\/2023\/05\/Mostra-EducAtiva_Dunia-300x147.png 300w, https:\/\/portal.uab.pt\/uct\/wp-content\/uploads\/sites\/21\/2023\/05\/Mostra-EducAtiva_Dunia.png 700w\" sizes=\"auto, (max-width: 300px) 100vw, 300px\" \/> \u00a0\u00a0 <img loading=\"lazy\" decoding=\"async\" class=\"size-medium wp-image-2362 aligncenter\" src=\"https:\/\/portal.uab.pt\/umcla\/wp-content\/uploads\/sites\/21\/2023\/05\/Mostra-EducAtiva_publico-300x147.png\" alt=\"\" width=\"300\" height=\"147\" srcset=\"https:\/\/portal.uab.pt\/uct\/wp-content\/uploads\/sites\/21\/2023\/05\/Mostra-EducAtiva_publico-300x147.png 300w, https:\/\/portal.uab.pt\/uct\/wp-content\/uploads\/sites\/21\/2023\/05\/Mostra-EducAtiva_publico.png 700w\" sizes=\"auto, (max-width: 300px) 100vw, 300px\" \/><\/p>","protected":false},"excerpt":{"rendered":"<p>&nbsp; Aconteceu no dia 5 de maio de 2023 a EducATIVA, mostra de oferta formativa e educativa, promovida pelo Munic\u00edpio da Sert\u00e3, na qual esteve presente a Universidade Aberta, representada pelo seu Centro Local de Aprendizagem de Ansi\u00e3o, a convite do Contrato Local de Desenvolvimento Social (CLDS) Sert\u00e3Envolve. Tratou-se da 2\u00aa edi\u00e7\u00e3o deste certame que<a class=\"more-link\" href=\"https:\/\/portal.uab.pt\/uct\/educativa-mostra-de-oferta-formativa-e-educativa\/\">Ler +<\/a><\/p>\n","protected":false},"author":209,"featured_media":2360,"comment_status":"closed","ping_status":"closed","sticky":false,"template":"","format":"standard","meta":{"footnotes":""},"categories":[8],"tags":[],"class_list":["post-2363","post","type-post","status-publish","format-standard","has-post-thumbnail","hentry","category-arquivo","post-thumb"],"_links":{"self":[{"href":"https:\/\/portal.uab.pt\/uct\/wp-json\/wp\/v2\/posts\/2363","targetHints":{"allow":["GET"]}}],"collection":[{"href":"https:\/\/portal.uab.pt\/uct\/wp-json\/wp\/v2\/posts"}],"about":[{"href":"https:\/\/portal.uab.pt\/uct\/wp-json\/wp\/v2\/types\/post"}],"author":[{"embeddable":true,"href":"https:\/\/portal.uab.pt\/uct\/wp-json\/wp\/v2\/users\/209"}],"replies":[{"embeddable":true,"href":"https:\/\/portal.uab.pt\/uct\/wp-json\/wp\/v2\/comments?post=2363"}],"version-history":[{"count":2,"href":"https:\/\/portal.uab.pt\/uct\/wp-json\/wp\/v2\/posts\/2363\/revisions"}],"predecessor-version":[{"id":2365,"href":"https:\/\/portal.uab.pt\/uct\/wp-json\/wp\/v2\/posts\/2363\/revisions\/2365"}],"wp:featuredmedia":[{"embeddable":true,"href":"https:\/\/portal.uab.pt\/uct\/wp-json\/wp\/v2\/media\/2360"}],"wp:attachment":[{"href":"https:\/\/portal.uab.pt\/uct\/wp-json\/wp\/v2\/media?parent=2363"}],"wp:term":[{"taxonomy":"category","embeddable":true,"href":"https:\/\/portal.uab.pt\/uct\/wp-json\/wp\/v2\/categories?post=2363"},{"taxonomy":"post_tag","embeddable":true,"href":"https:\/\/portal.uab.pt\/uct\/wp-json\/wp\/v2\/tags?post=2363"}],"curies":[{"name":"wp","href":"https:\/\/api.w.org\/{rel}","templated":true}]}}