{"id":2391,"date":"2023-06-01T14:40:17","date_gmt":"2023-06-01T14:40:17","guid":{"rendered":"https:\/\/portal.uab.pt\/umcla\/?p=2391"},"modified":"2023-06-01T14:40:17","modified_gmt":"2023-06-01T14:40:17","slug":"re-investe-em-ti","status":"publish","type":"post","link":"https:\/\/portal.uab.pt\/uct\/re-investe-em-ti\/","title":{"rendered":"(Re) Investe em Ti"},"content":{"rendered":"<p><img loading=\"lazy\" decoding=\"async\" class=\"size-medium wp-image-2389 aligncenter\" src=\"https:\/\/portal.uab.pt\/umcla\/wp-content\/uploads\/sites\/21\/2023\/06\/Reinveste-em-ti_cartaz-300x147.png\" alt=\"\" width=\"300\" height=\"147\" srcset=\"https:\/\/portal.uab.pt\/uct\/wp-content\/uploads\/sites\/21\/2023\/06\/Reinveste-em-ti_cartaz-300x147.png 300w, https:\/\/portal.uab.pt\/uct\/wp-content\/uploads\/sites\/21\/2023\/06\/Reinveste-em-ti_cartaz.png 700w\" sizes=\"auto, (max-width: 300px) 100vw, 300px\" \/><\/p>\n<p>&nbsp;<\/p>\n<p>Aconteceu no dia 25 de maio de 2023 o webinar <strong>(Re) Investe em Ti<\/strong>, organizado pelos Centros Locais de Aprendizagem da Universidade Aberta (UAb) de Ansi\u00e3o e Cantanhede.<\/p>\n<p>Aproveitando uma altura em que decorre o per\u00edodo de candidaturas para o acesso \u00e0 universidade, a sess\u00e3o de informa\u00e7\u00e3o e esclarecimento teve como objetivo apresentar a Universidade Aberta, o seu modelo pedag\u00f3gico e as modalidades de acesso sem provas.<\/p>\n<p>A iniciativa foi dinamizada por D\u00fania Palricas e S\u00f3nia Valente, coordenadoras dos CLA organizadores, e contou com a participa\u00e7\u00e3o de Fernanda Mexia, da Delega\u00e7\u00e3o de Coimbra e com o testemunho do estudante da UAb Alberto Santos, que explicou o seu percurso e a sua experi\u00eancia acad\u00e9mica.<\/p>\n<p>&nbsp;<\/p>\n<p><img loading=\"lazy\" decoding=\"async\" class=\"size-medium wp-image-2390 aligncenter\" src=\"https:\/\/portal.uab.pt\/umcla\/wp-content\/uploads\/sites\/21\/2023\/06\/Reinveste-em-ti_Fernanda-Mexia-300x147.png\" alt=\"\" width=\"300\" height=\"147\" srcset=\"https:\/\/portal.uab.pt\/uct\/wp-content\/uploads\/sites\/21\/2023\/06\/Reinveste-em-ti_Fernanda-Mexia-300x147.png 300w, https:\/\/portal.uab.pt\/uct\/wp-content\/uploads\/sites\/21\/2023\/06\/Reinveste-em-ti_Fernanda-Mexia.png 700w\" sizes=\"auto, (max-width: 300px) 100vw, 300px\" \/> \u00a0\u00a0 <img loading=\"lazy\" decoding=\"async\" class=\"size-medium wp-image-2388 aligncenter\" src=\"https:\/\/portal.uab.pt\/umcla\/wp-content\/uploads\/sites\/21\/2023\/06\/Reinveste-em-ti_Alberto-Santos-300x147.png\" alt=\"\" width=\"300\" height=\"147\" srcset=\"https:\/\/portal.uab.pt\/uct\/wp-content\/uploads\/sites\/21\/2023\/06\/Reinveste-em-ti_Alberto-Santos-300x147.png 300w, https:\/\/portal.uab.pt\/uct\/wp-content\/uploads\/sites\/21\/2023\/06\/Reinveste-em-ti_Alberto-Santos.png 700w\" sizes=\"auto, (max-width: 300px) 100vw, 300px\" \/><\/p>","protected":false},"excerpt":{"rendered":"<p>&nbsp; Aconteceu no dia 25 de maio de 2023 o webinar (Re) Investe em Ti, organizado pelos Centros Locais de Aprendizagem da Universidade Aberta (UAb) de Ansi\u00e3o e Cantanhede. Aproveitando uma altura em que decorre o per\u00edodo de candidaturas para o acesso \u00e0 universidade, a sess\u00e3o de informa\u00e7\u00e3o e esclarecimento teve como objetivo apresentar a<a class=\"more-link\" href=\"https:\/\/portal.uab.pt\/uct\/re-investe-em-ti\/\">Ler +<\/a><\/p>\n","protected":false},"author":209,"featured_media":2389,"comment_status":"closed","ping_status":"closed","sticky":false,"template":"","format":"standard","meta":{"footnotes":""},"categories":[8],"tags":[],"class_list":["post-2391","post","type-post","status-publish","format-standard","has-post-thumbnail","hentry","category-arquivo","post-thumb"],"_links":{"self":[{"href":"https:\/\/portal.uab.pt\/uct\/wp-json\/wp\/v2\/posts\/2391","targetHints":{"allow":["GET"]}}],"collection":[{"href":"https:\/\/portal.uab.pt\/uct\/wp-json\/wp\/v2\/posts"}],"about":[{"href":"https:\/\/portal.uab.pt\/uct\/wp-json\/wp\/v2\/types\/post"}],"author":[{"embeddable":true,"href":"https:\/\/portal.uab.pt\/uct\/wp-json\/wp\/v2\/users\/209"}],"replies":[{"embeddable":true,"href":"https:\/\/portal.uab.pt\/uct\/wp-json\/wp\/v2\/comments?post=2391"}],"version-history":[{"count":1,"href":"https:\/\/portal.uab.pt\/uct\/wp-json\/wp\/v2\/posts\/2391\/revisions"}],"predecessor-version":[{"id":2392,"href":"https:\/\/portal.uab.pt\/uct\/wp-json\/wp\/v2\/posts\/2391\/revisions\/2392"}],"wp:featuredmedia":[{"embeddable":true,"href":"https:\/\/portal.uab.pt\/uct\/wp-json\/wp\/v2\/media\/2389"}],"wp:attachment":[{"href":"https:\/\/portal.uab.pt\/uct\/wp-json\/wp\/v2\/media?parent=2391"}],"wp:term":[{"taxonomy":"category","embeddable":true,"href":"https:\/\/portal.uab.pt\/uct\/wp-json\/wp\/v2\/categories?post=2391"},{"taxonomy":"post_tag","embeddable":true,"href":"https:\/\/portal.uab.pt\/uct\/wp-json\/wp\/v2\/tags?post=2391"}],"curies":[{"name":"wp","href":"https:\/\/api.w.org\/{rel}","templated":true}]}}