{"id":2552,"date":"2023-07-28T09:59:32","date_gmt":"2023-07-28T09:59:32","guid":{"rendered":"https:\/\/portal.uab.pt\/umcla\/?p=2552"},"modified":"2023-07-28T09:59:32","modified_gmt":"2023-07-28T09:59:32","slug":"inteligencia-artificial-e-formacao-profissional","status":"publish","type":"post","link":"https:\/\/portal.uab.pt\/uct\/inteligencia-artificial-e-formacao-profissional\/","title":{"rendered":"Intelig\u00eancia artificial e forma\u00e7\u00e3o profissional"},"content":{"rendered":"<p><img loading=\"lazy\" decoding=\"async\" class=\"size-medium wp-image-2549 aligncenter\" src=\"https:\/\/portal.uab.pt\/umcla\/wp-content\/uploads\/sites\/21\/2023\/07\/Inteligencia-artificial-e-formacao-profissional_cartaz-300x147.png\" alt=\"\" width=\"300\" height=\"147\" srcset=\"https:\/\/portal.uab.pt\/uct\/wp-content\/uploads\/sites\/21\/2023\/07\/Inteligencia-artificial-e-formacao-profissional_cartaz-300x147.png 300w, https:\/\/portal.uab.pt\/uct\/wp-content\/uploads\/sites\/21\/2023\/07\/Inteligencia-artificial-e-formacao-profissional_cartaz.png 700w\" sizes=\"auto, (max-width: 300px) 100vw, 300px\" \/><\/p>\n<p>&nbsp;<\/p>\n<p>Aconteceu no dia 19 de julho de 2023 o Webinar <strong>Intelig\u00eancia artificial e forma\u00e7\u00e3o profissional<\/strong>, organizado pelos Centros Locais de Aprendizagem de Ansi\u00e3o e Cantanhede, em parceria com o Instituto do Emprego e Forma\u00e7\u00e3o Profissional \u2013 Departamento de Forma\u00e7\u00e3o Profissional e o N\u00facleo do Centro Nacional de Qualifica\u00e7\u00e3o de Formadores (CNQF).<\/p>\n<p>Neste evento, que faz parte do ciclo de webinares inserido no Ano Europeu das Compet\u00eancias, procurou-se proporcionar aos participantes uma compreens\u00e3o mais profunda sobre a intelig\u00eancia artificial e sua aplica\u00e7\u00e3o na forma\u00e7\u00e3o profissional. Foram ainda discutidas as consequ\u00eancias dessa tecnologia na aprendizagem dos formandos, dando-se a conhecer o trabalho que est\u00e1 a ser desenvolvido em Portugal.<\/p>\n<p>A iniciativa teve a participa\u00e7\u00e3o de 1.317 pessoas e contou com as seguintes interven\u00e7\u00f5es:<\/p>\n<p>&nbsp;<\/p>\n<p><strong>Abertura<\/strong><\/p>\n<p>Bernardo de Sousa | Vice-Presidente do IEFP, IP<\/p>\n<p>Domingos Caeiro | Vice-Reitor da Universidade Aberta<\/p>\n<p><strong>Comunica\u00e7\u00f5es<\/strong><\/p>\n<p>Leonel Morgado | Universidade Aberta<\/p>\n<p>Ana Dias | Universidade do Minho<\/p>\n<p>V\u00edtor Santos | Universidade Nova de Lisboa<\/p>\n<p><strong>Modera\u00e7\u00e3o<\/strong><\/p>\n<p>D\u00fania Palricas | Universidade Aberta<\/p>\n<p>&nbsp;<\/p>\n<p><img loading=\"lazy\" decoding=\"async\" class=\"size-medium wp-image-2551 aligncenter\" src=\"https:\/\/portal.uab.pt\/umcla\/wp-content\/uploads\/sites\/21\/2023\/07\/Inteligencia-artificial-e-formacao-profissional_oradora-300x147.png\" alt=\"\" width=\"300\" height=\"147\" srcset=\"https:\/\/portal.uab.pt\/uct\/wp-content\/uploads\/sites\/21\/2023\/07\/Inteligencia-artificial-e-formacao-profissional_oradora-300x147.png 300w, https:\/\/portal.uab.pt\/uct\/wp-content\/uploads\/sites\/21\/2023\/07\/Inteligencia-artificial-e-formacao-profissional_oradora.png 700w\" sizes=\"auto, (max-width: 300px) 100vw, 300px\" \/> \u00a0\u00a0 <img loading=\"lazy\" decoding=\"async\" class=\"size-medium wp-image-2550 aligncenter\" src=\"https:\/\/portal.uab.pt\/umcla\/wp-content\/uploads\/sites\/21\/2023\/07\/Inteligencia-artificial-e-formacao-profissional_Leonel-Morgado-300x147.png\" alt=\"\" width=\"300\" height=\"147\" srcset=\"https:\/\/portal.uab.pt\/uct\/wp-content\/uploads\/sites\/21\/2023\/07\/Inteligencia-artificial-e-formacao-profissional_Leonel-Morgado-300x147.png 300w, https:\/\/portal.uab.pt\/uct\/wp-content\/uploads\/sites\/21\/2023\/07\/Inteligencia-artificial-e-formacao-profissional_Leonel-Morgado.png 700w\" sizes=\"auto, (max-width: 300px) 100vw, 300px\" \/><\/p>","protected":false},"excerpt":{"rendered":"<p>&nbsp; Aconteceu no dia 19 de julho de 2023 o Webinar Intelig\u00eancia artificial e forma\u00e7\u00e3o profissional, organizado pelos Centros Locais de Aprendizagem de Ansi\u00e3o e Cantanhede, em parceria com o Instituto do Emprego e Forma\u00e7\u00e3o Profissional \u2013 Departamento de Forma\u00e7\u00e3o Profissional e o N\u00facleo do Centro Nacional de Qualifica\u00e7\u00e3o de Formadores (CNQF). Neste evento, que<a class=\"more-link\" href=\"https:\/\/portal.uab.pt\/uct\/inteligencia-artificial-e-formacao-profissional\/\">Ler +<\/a><\/p>\n","protected":false},"author":209,"featured_media":2549,"comment_status":"closed","ping_status":"closed","sticky":false,"template":"","format":"standard","meta":{"footnotes":""},"categories":[8],"tags":[],"class_list":["post-2552","post","type-post","status-publish","format-standard","has-post-thumbnail","hentry","category-arquivo","post-thumb"],"_links":{"self":[{"href":"https:\/\/portal.uab.pt\/uct\/wp-json\/wp\/v2\/posts\/2552","targetHints":{"allow":["GET"]}}],"collection":[{"href":"https:\/\/portal.uab.pt\/uct\/wp-json\/wp\/v2\/posts"}],"about":[{"href":"https:\/\/portal.uab.pt\/uct\/wp-json\/wp\/v2\/types\/post"}],"author":[{"embeddable":true,"href":"https:\/\/portal.uab.pt\/uct\/wp-json\/wp\/v2\/users\/209"}],"replies":[{"embeddable":true,"href":"https:\/\/portal.uab.pt\/uct\/wp-json\/wp\/v2\/comments?post=2552"}],"version-history":[{"count":1,"href":"https:\/\/portal.uab.pt\/uct\/wp-json\/wp\/v2\/posts\/2552\/revisions"}],"predecessor-version":[{"id":2553,"href":"https:\/\/portal.uab.pt\/uct\/wp-json\/wp\/v2\/posts\/2552\/revisions\/2553"}],"wp:featuredmedia":[{"embeddable":true,"href":"https:\/\/portal.uab.pt\/uct\/wp-json\/wp\/v2\/media\/2549"}],"wp:attachment":[{"href":"https:\/\/portal.uab.pt\/uct\/wp-json\/wp\/v2\/media?parent=2552"}],"wp:term":[{"taxonomy":"category","embeddable":true,"href":"https:\/\/portal.uab.pt\/uct\/wp-json\/wp\/v2\/categories?post=2552"},{"taxonomy":"post_tag","embeddable":true,"href":"https:\/\/portal.uab.pt\/uct\/wp-json\/wp\/v2\/tags?post=2552"}],"curies":[{"name":"wp","href":"https:\/\/api.w.org\/{rel}","templated":true}]}}