{"id":2564,"date":"2023-07-28T15:05:22","date_gmt":"2023-07-28T15:05:22","guid":{"rendered":"https:\/\/portal.uab.pt\/umcla\/?p=2564"},"modified":"2023-07-28T15:05:22","modified_gmt":"2023-07-28T15:05:22","slug":"educrtenatureza","status":"publish","type":"post","link":"https:\/\/portal.uab.pt\/uct\/educrtenatureza\/","title":{"rendered":"Educ@rteNatureza"},"content":{"rendered":"<p><img loading=\"lazy\" decoding=\"async\" class=\"size-medium wp-image-2563 aligncenter\" src=\"https:\/\/portal.uab.pt\/umcla\/wp-content\/uploads\/sites\/21\/2023\/07\/Portal-UMCLA-1_EducarteNatureza-300x147.png\" alt=\"\" width=\"300\" height=\"147\" srcset=\"https:\/\/portal.uab.pt\/uct\/wp-content\/uploads\/sites\/21\/2023\/07\/Portal-UMCLA-1_EducarteNatureza-300x147.png 300w, https:\/\/portal.uab.pt\/uct\/wp-content\/uploads\/sites\/21\/2023\/07\/Portal-UMCLA-1_EducarteNatureza.png 700w\" sizes=\"auto, (max-width: 300px) 100vw, 300px\" \/><\/p>\n<p>&nbsp;<\/p>\n<p><strong>Designa\u00e7\u00e3o<\/strong>: Educ@rteNatureza<\/p>\n<p><strong>Enquadramento<\/strong>: Trata-se de um projeto que pretende criar um modelo de educa\u00e7\u00e3o com e na natureza, dando Voz e Valor aos espa\u00e7os que nos cercam, e \u00e0s pessoas que os habitam, contando hist\u00f3rias, que se querem ilustradas e, tamb\u00e9m, mediadas pelas tecnologias. Assim pretende-se tirar o m\u00e1ximo partido do patrim\u00f3nio humano, material e imaterial de uma determinada zona e das qualidades naturais encontradas no terreno, valorizando a estrutura\u00e7\u00e3o existente e projetando o futuro. A a\u00e7\u00e3o-interven\u00e7\u00e3o a desenvolver procura promover o \u201csentir a natureza\u201d, potenciando a cria\u00e7\u00e3o de coreografias, roteiros e percursos alusivos aos cinco sentidos (olfato, paladar, vis\u00e3o, audi\u00e7\u00e3o e tato) que interligam as diversas potencialidades e val\u00eancias de uma regi\u00e3o o que permite, de forma transdisciplinar, uma multiplicidade de experi\u00eancias na Natureza.<\/p>\n<p><strong>Entidades Promotoras \/ Coordenadoras: <\/strong>Faculdade de Psicologia e de Ci\u00eancias da Educa\u00e7\u00e3o da Universidade de Coimbra.<\/p>\n<p><strong>Entidades Parceiras: <\/strong>Universidade Aberta (Centro Local de Aprendizagem de Cantanhede) e C\u00e2mara Municipal de Cantanhede.<\/p>\n<p><strong>Objetivos: <\/strong>O objetivo do projeto Educ@rte Natureza \u00e9 promover a educa\u00e7\u00e3o ambiental e sensibilizar para a import\u00e2ncia da natureza atrav\u00e9s de atividades e recursos educativos. Tem o prop\u00f3sito de encorajar a conex\u00e3o das pessoas com o ambiente natural, fornecendo informa\u00e7\u00f5es e experi\u00eancias que estimulem a aprecia\u00e7\u00e3o, o respeito e a conserva\u00e7\u00e3o da natureza. Al\u00e9m disso, pretendemos integrar a tem\u00e1tica ambiental de forma abrangente no curr\u00edculo escolar, envolvendo professores, estudantes e a comunidade em geral.<\/p>\n<p><strong>Docentes da UAb envolvidos<\/strong>: NA<\/p>\n<p><strong>Pessoal n\u00e3o Docente:<\/strong> S\u00f3nia Valente \u2013 Coordenadora do CLA Cantanhede<\/p>\n<p><strong>Dura\u00e7\u00e3o<\/strong>: Setembro 2022 &#8211; ?<\/p>\n<p><strong>Resultados:<\/strong><\/p>\n<p>Realiza\u00e7\u00e3o do I Encontro Educ@rteNatureza no dia 6 de junho de 2023.<\/p>\n<p><strong>Observa\u00e7\u00f5es\/Informa\u00e7\u00f5es adicionais<\/strong>:<\/p>\n<p>Site do projeto: <a href=\"https:\/\/educartenatureza.uab.pt\/\">https:\/\/educartenatureza.uab.pt\/<\/a><\/p>\n<p>&nbsp;<\/p>","protected":false},"excerpt":{"rendered":"<p>&nbsp; Designa\u00e7\u00e3o: Educ@rteNatureza Enquadramento: Trata-se de um projeto que pretende criar um modelo de educa\u00e7\u00e3o com e na natureza, dando Voz e Valor aos espa\u00e7os que nos cercam, e \u00e0s pessoas que os habitam, contando hist\u00f3rias, que se querem ilustradas e, tamb\u00e9m, mediadas pelas tecnologias. Assim pretende-se tirar o m\u00e1ximo partido do patrim\u00f3nio humano, material<a class=\"more-link\" href=\"https:\/\/portal.uab.pt\/uct\/educrtenatureza\/\">Ler +<\/a><\/p>\n","protected":false},"author":209,"featured_media":2563,"comment_status":"closed","ping_status":"closed","sticky":false,"template":"","format":"standard","meta":{"footnotes":""},"categories":[12],"tags":[],"class_list":["post-2564","post","type-post","status-publish","format-standard","has-post-thumbnail","hentry","category-projetos","post-thumb"],"_links":{"self":[{"href":"https:\/\/portal.uab.pt\/uct\/wp-json\/wp\/v2\/posts\/2564","targetHints":{"allow":["GET"]}}],"collection":[{"href":"https:\/\/portal.uab.pt\/uct\/wp-json\/wp\/v2\/posts"}],"about":[{"href":"https:\/\/portal.uab.pt\/uct\/wp-json\/wp\/v2\/types\/post"}],"author":[{"embeddable":true,"href":"https:\/\/portal.uab.pt\/uct\/wp-json\/wp\/v2\/users\/209"}],"replies":[{"embeddable":true,"href":"https:\/\/portal.uab.pt\/uct\/wp-json\/wp\/v2\/comments?post=2564"}],"version-history":[{"count":1,"href":"https:\/\/portal.uab.pt\/uct\/wp-json\/wp\/v2\/posts\/2564\/revisions"}],"predecessor-version":[{"id":2565,"href":"https:\/\/portal.uab.pt\/uct\/wp-json\/wp\/v2\/posts\/2564\/revisions\/2565"}],"wp:featuredmedia":[{"embeddable":true,"href":"https:\/\/portal.uab.pt\/uct\/wp-json\/wp\/v2\/media\/2563"}],"wp:attachment":[{"href":"https:\/\/portal.uab.pt\/uct\/wp-json\/wp\/v2\/media?parent=2564"}],"wp:term":[{"taxonomy":"category","embeddable":true,"href":"https:\/\/portal.uab.pt\/uct\/wp-json\/wp\/v2\/categories?post=2564"},{"taxonomy":"post_tag","embeddable":true,"href":"https:\/\/portal.uab.pt\/uct\/wp-json\/wp\/v2\/tags?post=2564"}],"curies":[{"name":"wp","href":"https:\/\/api.w.org\/{rel}","templated":true}]}}