{"id":2629,"date":"2023-09-04T14:07:26","date_gmt":"2023-09-04T14:07:26","guid":{"rendered":"https:\/\/portal.uab.pt\/umcla\/?p=2629"},"modified":"2023-09-04T14:07:26","modified_gmt":"2023-09-04T14:07:26","slug":"expo-ansiao-coracao-de-sico-2023","status":"publish","type":"post","link":"https:\/\/portal.uab.pt\/uct\/expo-ansiao-coracao-de-sico-2023\/","title":{"rendered":"Expo Ansi\u00e3o \u2013 Cora\u00e7\u00e3o de Sic\u00f3 2023"},"content":{"rendered":"<p><img loading=\"lazy\" decoding=\"async\" class=\"size-medium wp-image-2533 aligncenter\" src=\"https:\/\/portal.uab.pt\/umcla\/wp-content\/uploads\/sites\/21\/2023\/07\/Festas-do-Concelho-de-Ansiao-300x147.png\" alt=\"\" width=\"300\" height=\"147\" srcset=\"https:\/\/portal.uab.pt\/uct\/wp-content\/uploads\/sites\/21\/2023\/07\/Festas-do-Concelho-de-Ansiao-300x147.png 300w, https:\/\/portal.uab.pt\/uct\/wp-content\/uploads\/sites\/21\/2023\/07\/Festas-do-Concelho-de-Ansiao.png 700w\" sizes=\"auto, (max-width: 300px) 100vw, 300px\" \/><\/p>\n<p>&nbsp;<\/p>\n<p>Aconteceu entre os dias 11 e 13 de agosto de 2023 a <strong>Expo Ansi\u00e3o \u2013 Cora\u00e7\u00e3o de Sic\u00f3<\/strong>, na qual a Universidade Aberta esteve representada, atrav\u00e9s do seu Centro Local de Aprendizagem de Ansi\u00e3o. Trata-se de um evento que ocorre no concelho de Ansi\u00e3o e que atrai muitos visitantes, pela oferta em termos musicais, como tamb\u00e9m pelas in\u00fameras iniciativas culturais, art\u00edsticas e desportivas.<\/p>\n<p>As festas do concelho s\u00e3o uma mostra do dinamismo e empreendedorismo de entidades locais, pertencentes aos mais diversos ramos de atividade, nas quais participaram cerca de 70 expositores.<\/p>\n<p>Torna-se, por isso, importante a participa\u00e7\u00e3o da UAb, como forma de divulgar e de afirmar a sua presen\u00e7a no territ\u00f3rio.<\/p>\n<p>Este ano, a abertura oficial contou com a presen\u00e7a de Gon\u00e7alo Rodrigues, Secret\u00e1rio de Estado da Agricultura e com Paulo Batista Santos, da Comunidade Intermunicipal da Regi\u00e3o de Leiria.<\/p>\n<p>&nbsp;<\/p>\n<p><img loading=\"lazy\" decoding=\"async\" class=\"size-medium wp-image-2628 aligncenter\" src=\"https:\/\/portal.uab.pt\/umcla\/wp-content\/uploads\/sites\/21\/2023\/09\/Expo-Ansiao-23_Visita-de-stands_Dunia-e-presidente-300x147.png\" alt=\"\" width=\"300\" height=\"147\" srcset=\"https:\/\/portal.uab.pt\/uct\/wp-content\/uploads\/sites\/21\/2023\/09\/Expo-Ansiao-23_Visita-de-stands_Dunia-e-presidente-300x147.png 300w, https:\/\/portal.uab.pt\/uct\/wp-content\/uploads\/sites\/21\/2023\/09\/Expo-Ansiao-23_Visita-de-stands_Dunia-e-presidente.png 700w\" sizes=\"auto, (max-width: 300px) 100vw, 300px\" \/> \u00a0\u00a0 <img loading=\"lazy\" decoding=\"async\" class=\"size-medium wp-image-2627 aligncenter\" src=\"https:\/\/portal.uab.pt\/umcla\/wp-content\/uploads\/sites\/21\/2023\/09\/Expo-Ansiao-23_Coordenadora-e-Estudante-300x147.png\" alt=\"\" width=\"300\" height=\"147\" srcset=\"https:\/\/portal.uab.pt\/uct\/wp-content\/uploads\/sites\/21\/2023\/09\/Expo-Ansiao-23_Coordenadora-e-Estudante-300x147.png 300w, https:\/\/portal.uab.pt\/uct\/wp-content\/uploads\/sites\/21\/2023\/09\/Expo-Ansiao-23_Coordenadora-e-Estudante.png 700w\" sizes=\"auto, (max-width: 300px) 100vw, 300px\" \/><\/p>","protected":false},"excerpt":{"rendered":"<p>&nbsp; Aconteceu entre os dias 11 e 13 de agosto de 2023 a Expo Ansi\u00e3o \u2013 Cora\u00e7\u00e3o de Sic\u00f3, na qual a Universidade Aberta esteve representada, atrav\u00e9s do seu Centro Local de Aprendizagem de Ansi\u00e3o. Trata-se de um evento que ocorre no concelho de Ansi\u00e3o e que atrai muitos visitantes, pela oferta em termos musicais,<a class=\"more-link\" href=\"https:\/\/portal.uab.pt\/uct\/expo-ansiao-coracao-de-sico-2023\/\">Ler +<\/a><\/p>\n","protected":false},"author":209,"featured_media":2533,"comment_status":"closed","ping_status":"closed","sticky":false,"template":"","format":"standard","meta":{"footnotes":""},"categories":[8],"tags":[],"class_list":["post-2629","post","type-post","status-publish","format-standard","has-post-thumbnail","hentry","category-arquivo","post-thumb"],"_links":{"self":[{"href":"https:\/\/portal.uab.pt\/uct\/wp-json\/wp\/v2\/posts\/2629","targetHints":{"allow":["GET"]}}],"collection":[{"href":"https:\/\/portal.uab.pt\/uct\/wp-json\/wp\/v2\/posts"}],"about":[{"href":"https:\/\/portal.uab.pt\/uct\/wp-json\/wp\/v2\/types\/post"}],"author":[{"embeddable":true,"href":"https:\/\/portal.uab.pt\/uct\/wp-json\/wp\/v2\/users\/209"}],"replies":[{"embeddable":true,"href":"https:\/\/portal.uab.pt\/uct\/wp-json\/wp\/v2\/comments?post=2629"}],"version-history":[{"count":1,"href":"https:\/\/portal.uab.pt\/uct\/wp-json\/wp\/v2\/posts\/2629\/revisions"}],"predecessor-version":[{"id":2630,"href":"https:\/\/portal.uab.pt\/uct\/wp-json\/wp\/v2\/posts\/2629\/revisions\/2630"}],"wp:featuredmedia":[{"embeddable":true,"href":"https:\/\/portal.uab.pt\/uct\/wp-json\/wp\/v2\/media\/2533"}],"wp:attachment":[{"href":"https:\/\/portal.uab.pt\/uct\/wp-json\/wp\/v2\/media?parent=2629"}],"wp:term":[{"taxonomy":"category","embeddable":true,"href":"https:\/\/portal.uab.pt\/uct\/wp-json\/wp\/v2\/categories?post=2629"},{"taxonomy":"post_tag","embeddable":true,"href":"https:\/\/portal.uab.pt\/uct\/wp-json\/wp\/v2\/tags?post=2629"}],"curies":[{"name":"wp","href":"https:\/\/api.w.org\/{rel}","templated":true}]}}