{"id":2664,"date":"2023-09-25T09:34:24","date_gmt":"2023-09-25T09:34:24","guid":{"rendered":"https:\/\/portal.uab.pt\/umcla\/?p=2664"},"modified":"2023-09-25T09:37:37","modified_gmt":"2023-09-25T09:37:37","slug":"de-roma-ao-coracao-de-sico","status":"publish","type":"post","link":"https:\/\/portal.uab.pt\/uct\/de-roma-ao-coracao-de-sico\/","title":{"rendered":"De Roma ao Cora\u00e7\u00e3o de Sic\u00f3"},"content":{"rendered":"<p><img loading=\"lazy\" decoding=\"async\" class=\"size-medium wp-image-2535 aligncenter\" src=\"https:\/\/portal.uab.pt\/umcla\/wp-content\/uploads\/sites\/21\/2023\/07\/De-Roma-ao-coracao-de-Sico-300x147.png\" alt=\"\" width=\"300\" height=\"147\" srcset=\"https:\/\/portal.uab.pt\/uct\/wp-content\/uploads\/sites\/21\/2023\/07\/De-Roma-ao-coracao-de-Sico-300x147.png 300w, https:\/\/portal.uab.pt\/uct\/wp-content\/uploads\/sites\/21\/2023\/07\/De-Roma-ao-coracao-de-Sico.png 700w\" sizes=\"auto, (max-width: 300px) 100vw, 300px\" \/><\/p>\n<p>&nbsp;<\/p>\n<p>Aconteceu no dia 9 de setembro de 2023 o semin\u00e1rio <strong>De Roma ao Cora\u00e7\u00e3o de Sic\u00f3<\/strong>, organizado pelo Centro Local de Aprendizagem da Universidade Aberta e o Munic\u00edpio de Ansi\u00e3o, em parceria com o Cenformaz &#8211; Centro de Forma\u00e7\u00e3o do Mar ao Z\u00eazere.<\/p>\n<p>O evento focou-se no Complexo Monumental de Santiago da Guarda, que re\u00fane, no mesmo espa\u00e7o, uma torre quatrocentista com base medieval, e um pa\u00e7o manuelino (o Pa\u00e7o dos Vasconcelos, Condes de Castelo Melhor), mandado edificar por Sim\u00e3o de Sousa Ribeiro durante a primeira metade do s\u00e9culo XVI, sobre as ru\u00ednas de uma Vila Romana dos s\u00e9culos IV. Este complexo \u00fanico re\u00fane, por conseguinte, diferentes \u00e9pocas hist\u00f3ricas.<\/p>\n<p>Com o semin\u00e1rio pretendeu-se valorizar o patrim\u00f3nio nacional, debru\u00e7ando-se sobre um espa\u00e7o onde existe o maior mosaico romano em altura, exposto em Portugal.<\/p>\n<p>Entre os oradores participantes encontravam-se Ant\u00f3nio Moreira e Alexandra C\u00e2mara, ambos docentes da Universidade Aberta.<\/p>\n<p>&nbsp;<\/p>\n<p><img loading=\"lazy\" decoding=\"async\" class=\"size-medium wp-image-2667 aligncenter\" src=\"https:\/\/portal.uab.pt\/umcla\/wp-content\/uploads\/sites\/21\/2023\/09\/Pedro-C-Conceicao-e-Filomena-Limao-300x200.jpg\" alt=\"\" width=\"300\" height=\"200\" srcset=\"https:\/\/portal.uab.pt\/uct\/wp-content\/uploads\/sites\/21\/2023\/09\/Pedro-C-Conceicao-e-Filomena-Limao-300x200.jpg 300w, https:\/\/portal.uab.pt\/uct\/wp-content\/uploads\/sites\/21\/2023\/09\/Pedro-C-Conceicao-e-Filomena-Limao-1024x682.jpg 1024w, https:\/\/portal.uab.pt\/uct\/wp-content\/uploads\/sites\/21\/2023\/09\/Pedro-C-Conceicao-e-Filomena-Limao-768x512.jpg 768w, https:\/\/portal.uab.pt\/uct\/wp-content\/uploads\/sites\/21\/2023\/09\/Pedro-C-Conceicao-e-Filomena-Limao-1536x1023.jpg 1536w, https:\/\/portal.uab.pt\/uct\/wp-content\/uploads\/sites\/21\/2023\/09\/Pedro-C-Conceicao-e-Filomena-Limao-70x48.jpg 70w, https:\/\/portal.uab.pt\/uct\/wp-content\/uploads\/sites\/21\/2023\/09\/Pedro-C-Conceicao-e-Filomena-Limao.jpg 1920w\" sizes=\"auto, (max-width: 300px) 100vw, 300px\" \/> \u00a0\u00a0 <img loading=\"lazy\" decoding=\"async\" class=\"size-medium wp-image-2666 aligncenter\" src=\"https:\/\/portal.uab.pt\/umcla\/wp-content\/uploads\/sites\/21\/2023\/09\/Oradores-e-moderadora_1-300x200.jpg\" alt=\"\" width=\"300\" height=\"200\" srcset=\"https:\/\/portal.uab.pt\/uct\/wp-content\/uploads\/sites\/21\/2023\/09\/Oradores-e-moderadora_1-300x200.jpg 300w, https:\/\/portal.uab.pt\/uct\/wp-content\/uploads\/sites\/21\/2023\/09\/Oradores-e-moderadora_1-1024x682.jpg 1024w, https:\/\/portal.uab.pt\/uct\/wp-content\/uploads\/sites\/21\/2023\/09\/Oradores-e-moderadora_1-768x512.jpg 768w, https:\/\/portal.uab.pt\/uct\/wp-content\/uploads\/sites\/21\/2023\/09\/Oradores-e-moderadora_1-1536x1023.jpg 1536w, https:\/\/portal.uab.pt\/uct\/wp-content\/uploads\/sites\/21\/2023\/09\/Oradores-e-moderadora_1-70x48.jpg 70w, https:\/\/portal.uab.pt\/uct\/wp-content\/uploads\/sites\/21\/2023\/09\/Oradores-e-moderadora_1.jpg 1920w\" sizes=\"auto, (max-width: 300px) 100vw, 300px\" \/><\/p>\n<p>&nbsp;<\/p>\n<p><\/p>","protected":false},"excerpt":{"rendered":"<p>&nbsp; Aconteceu no dia 9 de setembro de 2023 o semin\u00e1rio De Roma ao Cora\u00e7\u00e3o de Sic\u00f3, organizado pelo Centro Local de Aprendizagem da Universidade Aberta e o Munic\u00edpio de Ansi\u00e3o, em parceria com o Cenformaz &#8211; Centro de Forma\u00e7\u00e3o do Mar ao Z\u00eazere. O evento focou-se no Complexo Monumental de Santiago da Guarda, que<a class=\"more-link\" href=\"https:\/\/portal.uab.pt\/uct\/de-roma-ao-coracao-de-sico\/\">Ler +<\/a><\/p>\n","protected":false},"author":209,"featured_media":2535,"comment_status":"closed","ping_status":"closed","sticky":false,"template":"","format":"standard","meta":{"footnotes":""},"categories":[8],"tags":[],"class_list":["post-2664","post","type-post","status-publish","format-standard","has-post-thumbnail","hentry","category-arquivo","post-thumb"],"_links":{"self":[{"href":"https:\/\/portal.uab.pt\/uct\/wp-json\/wp\/v2\/posts\/2664","targetHints":{"allow":["GET"]}}],"collection":[{"href":"https:\/\/portal.uab.pt\/uct\/wp-json\/wp\/v2\/posts"}],"about":[{"href":"https:\/\/portal.uab.pt\/uct\/wp-json\/wp\/v2\/types\/post"}],"author":[{"embeddable":true,"href":"https:\/\/portal.uab.pt\/uct\/wp-json\/wp\/v2\/users\/209"}],"replies":[{"embeddable":true,"href":"https:\/\/portal.uab.pt\/uct\/wp-json\/wp\/v2\/comments?post=2664"}],"version-history":[{"count":2,"href":"https:\/\/portal.uab.pt\/uct\/wp-json\/wp\/v2\/posts\/2664\/revisions"}],"predecessor-version":[{"id":2668,"href":"https:\/\/portal.uab.pt\/uct\/wp-json\/wp\/v2\/posts\/2664\/revisions\/2668"}],"wp:featuredmedia":[{"embeddable":true,"href":"https:\/\/portal.uab.pt\/uct\/wp-json\/wp\/v2\/media\/2535"}],"wp:attachment":[{"href":"https:\/\/portal.uab.pt\/uct\/wp-json\/wp\/v2\/media?parent=2664"}],"wp:term":[{"taxonomy":"category","embeddable":true,"href":"https:\/\/portal.uab.pt\/uct\/wp-json\/wp\/v2\/categories?post=2664"},{"taxonomy":"post_tag","embeddable":true,"href":"https:\/\/portal.uab.pt\/uct\/wp-json\/wp\/v2\/tags?post=2664"}],"curies":[{"name":"wp","href":"https:\/\/api.w.org\/{rel}","templated":true}]}}