{"id":2720,"date":"2023-10-02T16:10:24","date_gmt":"2023-10-02T16:10:24","guid":{"rendered":"https:\/\/portal.uab.pt\/umcla\/?p=2720"},"modified":"2023-10-02T16:10:24","modified_gmt":"2023-10-02T16:10:24","slug":"mostra-online-de-licenciaturas","status":"publish","type":"post","link":"https:\/\/portal.uab.pt\/uct\/mostra-online-de-licenciaturas\/","title":{"rendered":"Mostra Online de Licenciaturas"},"content":{"rendered":"<p><img loading=\"lazy\" decoding=\"async\" class=\"size-medium wp-image-2615 aligncenter\" src=\"https:\/\/portal.uab.pt\/umcla\/wp-content\/uploads\/sites\/21\/2023\/09\/MostraLicenciaturasAgenda-300x147.png\" alt=\"\" width=\"300\" height=\"147\" srcset=\"https:\/\/portal.uab.pt\/uct\/wp-content\/uploads\/sites\/21\/2023\/09\/MostraLicenciaturasAgenda-300x147.png 300w, https:\/\/portal.uab.pt\/uct\/wp-content\/uploads\/sites\/21\/2023\/09\/MostraLicenciaturasAgenda.png 700w\" sizes=\"auto, (max-width: 300px) 100vw, 300px\" \/><\/p>\n<p>&nbsp;<\/p>\n<p>Aconteceu no dia 26 de setembro a <strong>Mostra Online de Licenciaturas<\/strong>, com o mote <em>&#8216;Prepare o seu Futuro, Invista em Si!<\/em>&#8216;.\u00a0 Com a 2\u00aa fase de candidaturas a decorrer (acesso com provas) ou prestes a iniciar (acesso sem provas), os CLA da Praia da Vit\u00f3ria, Reguengos de Monsaraz e Sabugal quiseram dar a conhecer a oferta pedag\u00f3gica da UAb e as diversas formas de ingresso.<\/p>\n<p>Os(as) coordenadores(as) ou representantes das 11 licenciaturas em oferta apresentaram cada curso e responderam a quest\u00f5es como: Que licenciatura \u00e9 essa? Que sa\u00edda profissional ou atividade profissional possibilita desempenhar? Num segundo momento,\u00a0 Fernanda Mexia, t\u00e9cnica da Delega\u00e7\u00e3o Regional de Coimbra, apresentou as diversas formas de acesso aos cursos de 1\u00ba ciclo. Por fim, foi criado um espa\u00e7o para as perguntas e d\u00favidas dos participantes sobre as licenciaturas e as modalidades de ingresso na UAb.<\/p>\n<p>Registaram-se na Mostra 65 participantes.<\/p>\n<p>&nbsp;<\/p>\n<p><img loading=\"lazy\" decoding=\"async\" class=\"size-medium wp-image-2718 aligncenter\" src=\"https:\/\/portal.uab.pt\/umcla\/wp-content\/uploads\/sites\/21\/2023\/10\/Mostra-online-licenciaturas_mosaico-300x147.png\" alt=\"\" width=\"300\" height=\"147\" srcset=\"https:\/\/portal.uab.pt\/uct\/wp-content\/uploads\/sites\/21\/2023\/10\/Mostra-online-licenciaturas_mosaico-300x147.png 300w, https:\/\/portal.uab.pt\/uct\/wp-content\/uploads\/sites\/21\/2023\/10\/Mostra-online-licenciaturas_mosaico.png 700w\" sizes=\"auto, (max-width: 300px) 100vw, 300px\" \/> \u00a0\u00a0 <img loading=\"lazy\" decoding=\"async\" class=\"size-medium wp-image-2719 aligncenter\" src=\"https:\/\/portal.uab.pt\/umcla\/wp-content\/uploads\/sites\/21\/2023\/10\/Mostra-online-licenciaturas_publico-300x147.png\" alt=\"\" width=\"300\" height=\"147\" srcset=\"https:\/\/portal.uab.pt\/uct\/wp-content\/uploads\/sites\/21\/2023\/10\/Mostra-online-licenciaturas_publico-300x147.png 300w, https:\/\/portal.uab.pt\/uct\/wp-content\/uploads\/sites\/21\/2023\/10\/Mostra-online-licenciaturas_publico.png 700w\" sizes=\"auto, (max-width: 300px) 100vw, 300px\" \/><\/p>","protected":false},"excerpt":{"rendered":"<p>&nbsp; Aconteceu no dia 26 de setembro a Mostra Online de Licenciaturas, com o mote &#8216;Prepare o seu Futuro, Invista em Si!&#8216;.\u00a0 Com a 2\u00aa fase de candidaturas a decorrer (acesso com provas) ou prestes a iniciar (acesso sem provas), os CLA da Praia da Vit\u00f3ria, Reguengos de Monsaraz e Sabugal quiseram dar a conhecer<a class=\"more-link\" href=\"https:\/\/portal.uab.pt\/uct\/mostra-online-de-licenciaturas\/\">Ler +<\/a><\/p>\n","protected":false},"author":209,"featured_media":2615,"comment_status":"closed","ping_status":"closed","sticky":false,"template":"","format":"standard","meta":{"footnotes":""},"categories":[8],"tags":[],"class_list":["post-2720","post","type-post","status-publish","format-standard","has-post-thumbnail","hentry","category-arquivo","post-thumb"],"_links":{"self":[{"href":"https:\/\/portal.uab.pt\/uct\/wp-json\/wp\/v2\/posts\/2720","targetHints":{"allow":["GET"]}}],"collection":[{"href":"https:\/\/portal.uab.pt\/uct\/wp-json\/wp\/v2\/posts"}],"about":[{"href":"https:\/\/portal.uab.pt\/uct\/wp-json\/wp\/v2\/types\/post"}],"author":[{"embeddable":true,"href":"https:\/\/portal.uab.pt\/uct\/wp-json\/wp\/v2\/users\/209"}],"replies":[{"embeddable":true,"href":"https:\/\/portal.uab.pt\/uct\/wp-json\/wp\/v2\/comments?post=2720"}],"version-history":[{"count":1,"href":"https:\/\/portal.uab.pt\/uct\/wp-json\/wp\/v2\/posts\/2720\/revisions"}],"predecessor-version":[{"id":2721,"href":"https:\/\/portal.uab.pt\/uct\/wp-json\/wp\/v2\/posts\/2720\/revisions\/2721"}],"wp:featuredmedia":[{"embeddable":true,"href":"https:\/\/portal.uab.pt\/uct\/wp-json\/wp\/v2\/media\/2615"}],"wp:attachment":[{"href":"https:\/\/portal.uab.pt\/uct\/wp-json\/wp\/v2\/media?parent=2720"}],"wp:term":[{"taxonomy":"category","embeddable":true,"href":"https:\/\/portal.uab.pt\/uct\/wp-json\/wp\/v2\/categories?post=2720"},{"taxonomy":"post_tag","embeddable":true,"href":"https:\/\/portal.uab.pt\/uct\/wp-json\/wp\/v2\/tags?post=2720"}],"curies":[{"name":"wp","href":"https:\/\/api.w.org\/{rel}","templated":true}]}}