{"id":2819,"date":"2023-10-31T10:22:04","date_gmt":"2023-10-31T10:22:04","guid":{"rendered":"https:\/\/portal.uab.pt\/umcla\/?p=2819"},"modified":"2023-10-31T10:22:04","modified_gmt":"2023-10-31T10:22:04","slug":"100-violencia","status":"publish","type":"post","link":"https:\/\/portal.uab.pt\/uct\/100-violencia\/","title":{"rendered":"100 Viol\u00eancia"},"content":{"rendered":"<p><img loading=\"lazy\" decoding=\"async\" class=\"size-medium wp-image-2683 aligncenter\" src=\"https:\/\/portal.uab.pt\/umcla\/wp-content\/uploads\/sites\/21\/2023\/09\/Seminario-100_Violencia-Cartaz2-300x147.png\" alt=\"\" width=\"300\" height=\"147\" srcset=\"https:\/\/portal.uab.pt\/uct\/wp-content\/uploads\/sites\/21\/2023\/09\/Seminario-100_Violencia-Cartaz2-300x147.png 300w, https:\/\/portal.uab.pt\/uct\/wp-content\/uploads\/sites\/21\/2023\/09\/Seminario-100_Violencia-Cartaz2.png 700w\" sizes=\"auto, (max-width: 300px) 100vw, 300px\" \/><\/p>\n<p>&nbsp;<\/p>\n<p>Aconteceu no dia 20 de outubro de 2023 o semin\u00e1rio <strong>100 Viol\u00eancia<\/strong>, integrado do Dia Mundial Contra o Bullying. A organiza\u00e7\u00e3o foi da Comiss\u00e3o para a Prote\u00e7\u00e3o de Jovens e Crian\u00e7as de Santiago do Cac\u00e9m, em parceria com o Centro Local de Aprendizagem da Universidade Aberta em Gr\u00e2ndola. Pretendeu-se salientar que a viol\u00eancia entre jovens, nomeadamente durante o namoro, o Bulliyng, a agress\u00e3o f\u00edsica e os insultos t\u00eam uma dimens\u00e3o consider\u00e1vel com uma visibilidade crescente, sobretudo no contexto escolar.<\/p>\n<p>Para moderar o Painel Diagn\u00f3stico Local foi convidada F\u00e1tima Goul\u00e3o, docente da UAb, tendo contado com a presen\u00e7a de cerca de 80 participantes.<\/p>\n<p>&nbsp;<\/p>\n<p><img loading=\"lazy\" decoding=\"async\" class=\"size-medium wp-image-2818 aligncenter\" src=\"https:\/\/portal.uab.pt\/umcla\/wp-content\/uploads\/sites\/21\/2023\/10\/100-violencio_cartaz-e-painel-ed-300x147.png\" alt=\"\" width=\"300\" height=\"147\" srcset=\"https:\/\/portal.uab.pt\/uct\/wp-content\/uploads\/sites\/21\/2023\/10\/100-violencio_cartaz-e-painel-ed-300x147.png 300w, https:\/\/portal.uab.pt\/uct\/wp-content\/uploads\/sites\/21\/2023\/10\/100-violencio_cartaz-e-painel-ed.png 700w\" sizes=\"auto, (max-width: 300px) 100vw, 300px\" \/> \u00a0\u00a0 <img loading=\"lazy\" decoding=\"async\" class=\"size-medium wp-image-2817 aligncenter\" src=\"https:\/\/portal.uab.pt\/umcla\/wp-content\/uploads\/sites\/21\/2023\/10\/100-violencia_panfleto-ed-300x147.png\" alt=\"\" width=\"300\" height=\"147\" srcset=\"https:\/\/portal.uab.pt\/uct\/wp-content\/uploads\/sites\/21\/2023\/10\/100-violencia_panfleto-ed-300x147.png 300w, https:\/\/portal.uab.pt\/uct\/wp-content\/uploads\/sites\/21\/2023\/10\/100-violencia_panfleto-ed.png 700w\" sizes=\"auto, (max-width: 300px) 100vw, 300px\" \/><\/p>","protected":false},"excerpt":{"rendered":"<p>&nbsp; Aconteceu no dia 20 de outubro de 2023 o semin\u00e1rio 100 Viol\u00eancia, integrado do Dia Mundial Contra o Bullying. A organiza\u00e7\u00e3o foi da Comiss\u00e3o para a Prote\u00e7\u00e3o de Jovens e Crian\u00e7as de Santiago do Cac\u00e9m, em parceria com o Centro Local de Aprendizagem da Universidade Aberta em Gr\u00e2ndola. Pretendeu-se salientar que a viol\u00eancia entre<a class=\"more-link\" href=\"https:\/\/portal.uab.pt\/uct\/100-violencia\/\">Ler +<\/a><\/p>\n","protected":false},"author":209,"featured_media":2683,"comment_status":"closed","ping_status":"closed","sticky":false,"template":"","format":"standard","meta":{"footnotes":""},"categories":[8],"tags":[],"class_list":["post-2819","post","type-post","status-publish","format-standard","has-post-thumbnail","hentry","category-arquivo","post-thumb"],"_links":{"self":[{"href":"https:\/\/portal.uab.pt\/uct\/wp-json\/wp\/v2\/posts\/2819","targetHints":{"allow":["GET"]}}],"collection":[{"href":"https:\/\/portal.uab.pt\/uct\/wp-json\/wp\/v2\/posts"}],"about":[{"href":"https:\/\/portal.uab.pt\/uct\/wp-json\/wp\/v2\/types\/post"}],"author":[{"embeddable":true,"href":"https:\/\/portal.uab.pt\/uct\/wp-json\/wp\/v2\/users\/209"}],"replies":[{"embeddable":true,"href":"https:\/\/portal.uab.pt\/uct\/wp-json\/wp\/v2\/comments?post=2819"}],"version-history":[{"count":1,"href":"https:\/\/portal.uab.pt\/uct\/wp-json\/wp\/v2\/posts\/2819\/revisions"}],"predecessor-version":[{"id":2820,"href":"https:\/\/portal.uab.pt\/uct\/wp-json\/wp\/v2\/posts\/2819\/revisions\/2820"}],"wp:featuredmedia":[{"embeddable":true,"href":"https:\/\/portal.uab.pt\/uct\/wp-json\/wp\/v2\/media\/2683"}],"wp:attachment":[{"href":"https:\/\/portal.uab.pt\/uct\/wp-json\/wp\/v2\/media?parent=2819"}],"wp:term":[{"taxonomy":"category","embeddable":true,"href":"https:\/\/portal.uab.pt\/uct\/wp-json\/wp\/v2\/categories?post=2819"},{"taxonomy":"post_tag","embeddable":true,"href":"https:\/\/portal.uab.pt\/uct\/wp-json\/wp\/v2\/tags?post=2819"}],"curies":[{"name":"wp","href":"https:\/\/api.w.org\/{rel}","templated":true}]}}