{"id":2827,"date":"2023-10-31T16:37:08","date_gmt":"2023-10-31T16:37:08","guid":{"rendered":"https:\/\/portal.uab.pt\/umcla\/?p=2827"},"modified":"2023-10-31T16:37:08","modified_gmt":"2023-10-31T16:37:08","slug":"rececao-aos-estudantes-da-universidade-aberta-guarda","status":"publish","type":"post","link":"https:\/\/portal.uab.pt\/uct\/rececao-aos-estudantes-da-universidade-aberta-guarda\/","title":{"rendered":"Rece\u00e7\u00e3o aos Estudantes da Universidade Aberta &#8211; Guarda"},"content":{"rendered":"<p><img loading=\"lazy\" decoding=\"async\" class=\"size-medium wp-image-2672 aligncenter\" src=\"https:\/\/portal.uab.pt\/umcla\/wp-content\/uploads\/sites\/21\/2023\/09\/Rececao-ao-Estudante_Guarda_CARTAZ-300x147.png\" alt=\"\" width=\"300\" height=\"147\" srcset=\"https:\/\/portal.uab.pt\/uct\/wp-content\/uploads\/sites\/21\/2023\/09\/Rececao-ao-Estudante_Guarda_CARTAZ-300x147.png 300w, https:\/\/portal.uab.pt\/uct\/wp-content\/uploads\/sites\/21\/2023\/09\/Rececao-ao-Estudante_Guarda_CARTAZ.png 700w\" sizes=\"auto, (max-width: 300px) 100vw, 300px\" \/><\/p>\n<p>&nbsp;<\/p>\n<p>Realizou-se no dia 21 de outubro de 2023 a <strong>Rece\u00e7\u00e3o aos Estudantes da Universidade Aberta<\/strong>, na Biblioteca Municipal Eduardo Louren\u00e7o, na cidade da Guarda. Esta atividade foi desenvolvida pela Associa\u00e7\u00e3o Acad\u00e9mica da UAb e contou com o apoio dos Centros Locais de Aprendizagem em M\u00eada e Sabugal.<\/p>\n<p>Num momento inicial foi poss\u00edvel assistir \u00e0 interven\u00e7\u00e3o, atrav\u00e9s de videoconfer\u00eancia, da Magn\u00edfica Reitora, Carla Padrel de Oliveira, do Presidente da AAUAb, Joaquim Bompastor e da Provedora do Estudante, Cl\u00e1udia Raimundo.<\/p>\n<p>Houve, ainda, espa\u00e7o para o testemunho da estudante, Concei\u00e7\u00e3o Pereira, sobre como \u00e9 estudar numa universidade de ensino a dist\u00e2ncia. De seguida, Nuno Sousa, docente na Delega\u00e7\u00e3o de Coimbra, apresentou a perspetiva do docente no sistema de ensino da UAb.<\/p>\n<p>Findas as interven\u00e7\u00f5es acad\u00e9micas da manh\u00e3, foi realizado um almo\u00e7o conv\u00edvio, num ambiente mais informal, em que os participantes puderam conviver e trocar experi\u00eancias.<\/p>\n<p>&nbsp;<\/p>\n<p><img loading=\"lazy\" decoding=\"async\" class=\"size-medium wp-image-2826 aligncenter\" src=\"https:\/\/portal.uab.pt\/umcla\/wp-content\/uploads\/sites\/21\/2023\/10\/Rececao-estudantes-Meda_Professor-Nuno-Sousa-300x147.png\" alt=\"\" width=\"300\" height=\"147\" srcset=\"https:\/\/portal.uab.pt\/uct\/wp-content\/uploads\/sites\/21\/2023\/10\/Rececao-estudantes-Meda_Professor-Nuno-Sousa-300x147.png 300w, https:\/\/portal.uab.pt\/uct\/wp-content\/uploads\/sites\/21\/2023\/10\/Rececao-estudantes-Meda_Professor-Nuno-Sousa.png 700w\" sizes=\"auto, (max-width: 300px) 100vw, 300px\" \/> \u00a0\u00a0 <img loading=\"lazy\" decoding=\"async\" class=\"size-medium wp-image-2825 aligncenter\" src=\"https:\/\/portal.uab.pt\/umcla\/wp-content\/uploads\/sites\/21\/2023\/10\/Rececao-estudantes-Meda_Grupo-300x147.png\" alt=\"\" width=\"300\" height=\"147\" srcset=\"https:\/\/portal.uab.pt\/uct\/wp-content\/uploads\/sites\/21\/2023\/10\/Rececao-estudantes-Meda_Grupo-300x147.png 300w, https:\/\/portal.uab.pt\/uct\/wp-content\/uploads\/sites\/21\/2023\/10\/Rececao-estudantes-Meda_Grupo.png 700w\" sizes=\"auto, (max-width: 300px) 100vw, 300px\" \/><\/p>","protected":false},"excerpt":{"rendered":"<p>&nbsp; Realizou-se no dia 21 de outubro de 2023 a Rece\u00e7\u00e3o aos Estudantes da Universidade Aberta, na Biblioteca Municipal Eduardo Louren\u00e7o, na cidade da Guarda. Esta atividade foi desenvolvida pela Associa\u00e7\u00e3o Acad\u00e9mica da UAb e contou com o apoio dos Centros Locais de Aprendizagem em M\u00eada e Sabugal. Num momento inicial foi poss\u00edvel assistir \u00e0<a class=\"more-link\" href=\"https:\/\/portal.uab.pt\/uct\/rececao-aos-estudantes-da-universidade-aberta-guarda\/\">Ler +<\/a><\/p>\n","protected":false},"author":209,"featured_media":2672,"comment_status":"closed","ping_status":"closed","sticky":false,"template":"","format":"standard","meta":{"footnotes":""},"categories":[8],"tags":[],"class_list":["post-2827","post","type-post","status-publish","format-standard","has-post-thumbnail","hentry","category-arquivo","post-thumb"],"_links":{"self":[{"href":"https:\/\/portal.uab.pt\/uct\/wp-json\/wp\/v2\/posts\/2827","targetHints":{"allow":["GET"]}}],"collection":[{"href":"https:\/\/portal.uab.pt\/uct\/wp-json\/wp\/v2\/posts"}],"about":[{"href":"https:\/\/portal.uab.pt\/uct\/wp-json\/wp\/v2\/types\/post"}],"author":[{"embeddable":true,"href":"https:\/\/portal.uab.pt\/uct\/wp-json\/wp\/v2\/users\/209"}],"replies":[{"embeddable":true,"href":"https:\/\/portal.uab.pt\/uct\/wp-json\/wp\/v2\/comments?post=2827"}],"version-history":[{"count":1,"href":"https:\/\/portal.uab.pt\/uct\/wp-json\/wp\/v2\/posts\/2827\/revisions"}],"predecessor-version":[{"id":2828,"href":"https:\/\/portal.uab.pt\/uct\/wp-json\/wp\/v2\/posts\/2827\/revisions\/2828"}],"wp:featuredmedia":[{"embeddable":true,"href":"https:\/\/portal.uab.pt\/uct\/wp-json\/wp\/v2\/media\/2672"}],"wp:attachment":[{"href":"https:\/\/portal.uab.pt\/uct\/wp-json\/wp\/v2\/media?parent=2827"}],"wp:term":[{"taxonomy":"category","embeddable":true,"href":"https:\/\/portal.uab.pt\/uct\/wp-json\/wp\/v2\/categories?post=2827"},{"taxonomy":"post_tag","embeddable":true,"href":"https:\/\/portal.uab.pt\/uct\/wp-json\/wp\/v2\/tags?post=2827"}],"curies":[{"name":"wp","href":"https:\/\/api.w.org\/{rel}","templated":true}]}}