{"id":2865,"date":"2023-11-03T15:03:42","date_gmt":"2023-11-03T15:03:42","guid":{"rendered":"https:\/\/portal.uab.pt\/umcla\/?p=2865"},"modified":"2023-11-06T10:13:10","modified_gmt":"2023-11-06T10:13:10","slug":"dia-municipal-para-a-igualdade-2","status":"publish","type":"post","link":"https:\/\/portal.uab.pt\/uct\/dia-municipal-para-a-igualdade-2\/","title":{"rendered":"Dia Municipal para a Igualdade em Gr\u00e2ndola"},"content":{"rendered":"<p><img loading=\"lazy\" decoding=\"async\" class=\"size-medium wp-image-2708 aligncenter\" src=\"https:\/\/portal.uab.pt\/umcla\/wp-content\/uploads\/sites\/21\/2023\/10\/Dia-Municipal-para-a-Igualdade2-300x147.png\" alt=\"\" width=\"300\" height=\"147\" srcset=\"https:\/\/portal.uab.pt\/uct\/wp-content\/uploads\/sites\/21\/2023\/10\/Dia-Municipal-para-a-Igualdade2-300x147.png 300w, https:\/\/portal.uab.pt\/uct\/wp-content\/uploads\/sites\/21\/2023\/10\/Dia-Municipal-para-a-Igualdade2.png 700w\" sizes=\"auto, (max-width: 300px) 100vw, 300px\" \/><\/p>\n<p>&nbsp;<\/p>\n<p>No dia 24 de outubro de 2023 assinalou-se o <strong>Dia Municipal para a Igualdade<\/strong>. Sob a \u00e9gide \u201cIgualdade \u00e9 Desenvolvimento\u201d, este dia \u00e9 celebrado desde 2010 por centenas de organiza\u00e7\u00f5es representativas da sociedade civil e da esfera p\u00fablica de todo o territ\u00f3rio portugu\u00eas.<\/p>\n<p>Em Gr\u00e2ndola, o Dia Municipal para a Igualdade foi celebrado no \u00e2mbito do Ciclo de Conversas, numa parceria entre o Munic\u00edpio de Gr\u00e2ndola e o Centro Local de Aprendizagem da Universidade Aberta.<\/p>\n<p>Este ano, dada a dimens\u00e3o de crescente import\u00e2ncia do fen\u00f3meno, o Ciclo de Conversas abordou a tem\u00e1tica da Imigra\u00e7\u00e3o, em dois momentos e para p\u00fablicos distintos. Durante a manh\u00e3 decorreu o <strong>Encontro \u201cImigra\u00e7\u00e3o: desafios e oportunidades \u2013 inclus\u00e3o| discrimina\u00e7\u00e3o| igualdade\u201d<\/strong>, em formato h\u00edbrido, com o objetivo de debater temas como a inclus\u00e3o, a discrimina\u00e7\u00e3o e a igualdade na comunidade migrat\u00f3ria, e os quais os papeis desempenhados pelas diversas entidades nesse \u00e2mbito, num cen\u00e1rio territorial de crescente fluxo migrat\u00f3rio. Participaram no encontro os docentes da UAb, Susana Henriques e Paulo Costa e o Vice-Reitor, Domingos Caeiro.<\/p>\n<p>A partir das 16h00, decorreu, em formato presencial, o espet\u00e1culo baseado no Projeto Pedag\u00f3gico de Educa\u00e7\u00e3o para o Interculturalismo <strong>\u201cP\u00e9talas do Mundo\u201d<\/strong>, dinamizado pela Betweien, com enfoque na inclus\u00e3o, na aceita\u00e7\u00e3o da diferen\u00e7a e na paz.<\/p>\n<p><img loading=\"lazy\" decoding=\"async\" class=\"alignnone size-medium wp-image-2863\" src=\"https:\/\/portal.uab.pt\/umcla\/wp-content\/uploads\/sites\/21\/2023\/11\/Dia-municipal-igualdade_Painel1-300x147.png\" alt=\"\" width=\"300\" height=\"147\" srcset=\"https:\/\/portal.uab.pt\/uct\/wp-content\/uploads\/sites\/21\/2023\/11\/Dia-municipal-igualdade_Painel1-300x147.png 300w, https:\/\/portal.uab.pt\/uct\/wp-content\/uploads\/sites\/21\/2023\/11\/Dia-municipal-igualdade_Painel1.png 700w\" sizes=\"auto, (max-width: 300px) 100vw, 300px\" \/> \u00a0\u00a0 <img loading=\"lazy\" decoding=\"async\" class=\"alignnone size-medium wp-image-2862\" src=\"https:\/\/portal.uab.pt\/umcla\/wp-content\/uploads\/sites\/21\/2023\/11\/Dia-municipal-igualdade_oradora-300x147.png\" alt=\"\" width=\"300\" height=\"147\" srcset=\"https:\/\/portal.uab.pt\/uct\/wp-content\/uploads\/sites\/21\/2023\/11\/Dia-municipal-igualdade_oradora-300x147.png 300w, https:\/\/portal.uab.pt\/uct\/wp-content\/uploads\/sites\/21\/2023\/11\/Dia-municipal-igualdade_oradora.png 700w\" sizes=\"auto, (max-width: 300px) 100vw, 300px\" \/> \u00a0\u00a0 <img loading=\"lazy\" decoding=\"async\" class=\"alignnone size-medium wp-image-2861\" src=\"https:\/\/portal.uab.pt\/umcla\/wp-content\/uploads\/sites\/21\/2023\/11\/Dia-municipal-igualdade_Imigrantes-300x147.png\" alt=\"\" width=\"300\" height=\"147\" srcset=\"https:\/\/portal.uab.pt\/uct\/wp-content\/uploads\/sites\/21\/2023\/11\/Dia-municipal-igualdade_Imigrantes-300x147.png 300w, https:\/\/portal.uab.pt\/uct\/wp-content\/uploads\/sites\/21\/2023\/11\/Dia-municipal-igualdade_Imigrantes.png 700w\" sizes=\"auto, (max-width: 300px) 100vw, 300px\" \/> \u00a0\u00a0 <img loading=\"lazy\" decoding=\"async\" class=\"alignnone size-medium wp-image-2864\" src=\"https:\/\/portal.uab.pt\/umcla\/wp-content\/uploads\/sites\/21\/2023\/11\/Dia-municipal-igualdade_plateia-petalas-300x147.png\" alt=\"\" width=\"300\" height=\"147\" srcset=\"https:\/\/portal.uab.pt\/uct\/wp-content\/uploads\/sites\/21\/2023\/11\/Dia-municipal-igualdade_plateia-petalas-300x147.png 300w, https:\/\/portal.uab.pt\/uct\/wp-content\/uploads\/sites\/21\/2023\/11\/Dia-municipal-igualdade_plateia-petalas.png 700w\" sizes=\"auto, (max-width: 300px) 100vw, 300px\" \/><\/p>\n<p>(Fotografias da autoria do Munic\u00edpio de Gr\u00e2ndola)<\/p>","protected":false},"excerpt":{"rendered":"<p>&nbsp; No dia 24 de outubro de 2023 assinalou-se o Dia Municipal para a Igualdade. Sob a \u00e9gide \u201cIgualdade \u00e9 Desenvolvimento\u201d, este dia \u00e9 celebrado desde 2010 por centenas de organiza\u00e7\u00f5es representativas da sociedade civil e da esfera p\u00fablica de todo o territ\u00f3rio portugu\u00eas. Em Gr\u00e2ndola, o Dia Municipal para a Igualdade foi celebrado no<a class=\"more-link\" href=\"https:\/\/portal.uab.pt\/uct\/dia-municipal-para-a-igualdade-2\/\">Ler +<\/a><\/p>\n","protected":false},"author":209,"featured_media":2708,"comment_status":"closed","ping_status":"closed","sticky":false,"template":"","format":"standard","meta":{"footnotes":""},"categories":[8],"tags":[],"class_list":["post-2865","post","type-post","status-publish","format-standard","has-post-thumbnail","hentry","category-arquivo","post-thumb"],"_links":{"self":[{"href":"https:\/\/portal.uab.pt\/uct\/wp-json\/wp\/v2\/posts\/2865","targetHints":{"allow":["GET"]}}],"collection":[{"href":"https:\/\/portal.uab.pt\/uct\/wp-json\/wp\/v2\/posts"}],"about":[{"href":"https:\/\/portal.uab.pt\/uct\/wp-json\/wp\/v2\/types\/post"}],"author":[{"embeddable":true,"href":"https:\/\/portal.uab.pt\/uct\/wp-json\/wp\/v2\/users\/209"}],"replies":[{"embeddable":true,"href":"https:\/\/portal.uab.pt\/uct\/wp-json\/wp\/v2\/comments?post=2865"}],"version-history":[{"count":4,"href":"https:\/\/portal.uab.pt\/uct\/wp-json\/wp\/v2\/posts\/2865\/revisions"}],"predecessor-version":[{"id":2870,"href":"https:\/\/portal.uab.pt\/uct\/wp-json\/wp\/v2\/posts\/2865\/revisions\/2870"}],"wp:featuredmedia":[{"embeddable":true,"href":"https:\/\/portal.uab.pt\/uct\/wp-json\/wp\/v2\/media\/2708"}],"wp:attachment":[{"href":"https:\/\/portal.uab.pt\/uct\/wp-json\/wp\/v2\/media?parent=2865"}],"wp:term":[{"taxonomy":"category","embeddable":true,"href":"https:\/\/portal.uab.pt\/uct\/wp-json\/wp\/v2\/categories?post=2865"},{"taxonomy":"post_tag","embeddable":true,"href":"https:\/\/portal.uab.pt\/uct\/wp-json\/wp\/v2\/tags?post=2865"}],"curies":[{"name":"wp","href":"https:\/\/api.w.org\/{rel}","templated":true}]}}