{"id":3028,"date":"2024-01-31T15:47:20","date_gmt":"2024-01-31T15:47:20","guid":{"rendered":"https:\/\/portal.uab.pt\/umcla\/?p=3028"},"modified":"2024-01-31T15:47:20","modified_gmt":"2024-01-31T15:47:20","slug":"viver-abril-na-educacao","status":"publish","type":"post","link":"https:\/\/portal.uab.pt\/uct\/viver-abril-na-educacao\/","title":{"rendered":"Viver abril na Educa\u00e7\u00e3o"},"content":{"rendered":"<p><img loading=\"lazy\" decoding=\"async\" class=\"size-medium wp-image-3026 aligncenter\" src=\"https:\/\/portal.uab.pt\/umcla\/wp-content\/uploads\/sites\/21\/2024\/01\/Foto33-300x147.png\" alt=\"\" width=\"300\" height=\"147\" srcset=\"https:\/\/portal.uab.pt\/uct\/wp-content\/uploads\/sites\/21\/2024\/01\/Foto33-300x147.png 300w, https:\/\/portal.uab.pt\/uct\/wp-content\/uploads\/sites\/21\/2024\/01\/Foto33.png 700w\" sizes=\"auto, (max-width: 300px) 100vw, 300px\" \/><\/p>\n<p>&nbsp;<\/p>\n<p>Aconteceu nos dias 15 e 17 de janeiro de 2024, na Escola Secund\u00e1ria Vitorino Nem\u00e9sio, o evento <strong>Viver abril na Educa\u00e7\u00e3o<\/strong>, o qual teve o apoio do Centro Local de Aprendizagem da Universidade Aberta na Praia da Vit\u00f3ria.<\/p>\n<p>No dia 15, decorreu uma a\u00e7\u00e3o informativa e de divulga\u00e7\u00e3o sobre os apoios financeiros dispon\u00edveis atrav\u00e9s da Universidade Aberta para a frequ\u00eancia do ensino superior, bem como a sua oferta formativa e pedag\u00f3gica. Nesta a\u00e7\u00e3o participou tamb\u00e9m o Presidente da Junta de Freguesia das Lajes, C\u00e9sar Toste, na divulga\u00e7\u00e3o das bolsas de estudo dispon\u00edveis \u00e0 popula\u00e7\u00e3o atrav\u00e9s da junta de freguesia.<\/p>\n<p>No dia 17, com o apoio do CLA da Praia da Vit\u00f3ria decorreu uma angaria\u00e7\u00e3o de bens essenciais, os quais foram doados aos cidad\u00e3os mais necessitados da cidade.<\/p>\n<p>Esta foi uma iniciativa que incentivou a promo\u00e7\u00e3o do voluntariado e cidadania ativa e participativa no ensino secund\u00e1rio.<\/p>\n<p>&nbsp;<\/p>\n<p><img loading=\"lazy\" decoding=\"async\" class=\"alignnone size-medium wp-image-3025\" src=\"https:\/\/portal.uab.pt\/umcla\/wp-content\/uploads\/sites\/21\/2024\/01\/Foto22-300x147.png\" alt=\"\" width=\"300\" height=\"147\" srcset=\"https:\/\/portal.uab.pt\/uct\/wp-content\/uploads\/sites\/21\/2024\/01\/Foto22-300x147.png 300w, https:\/\/portal.uab.pt\/uct\/wp-content\/uploads\/sites\/21\/2024\/01\/Foto22.png 700w\" sizes=\"auto, (max-width: 300px) 100vw, 300px\" \/> \u00a0\u00a0 <img loading=\"lazy\" decoding=\"async\" class=\"alignnone size-medium wp-image-3024\" src=\"https:\/\/portal.uab.pt\/umcla\/wp-content\/uploads\/sites\/21\/2024\/01\/Foto11-300x147.png\" alt=\"\" width=\"300\" height=\"147\" srcset=\"https:\/\/portal.uab.pt\/uct\/wp-content\/uploads\/sites\/21\/2024\/01\/Foto11-300x147.png 300w, https:\/\/portal.uab.pt\/uct\/wp-content\/uploads\/sites\/21\/2024\/01\/Foto11.png 700w\" sizes=\"auto, (max-width: 300px) 100vw, 300px\" \/> \u00a0\u00a0 <img loading=\"lazy\" decoding=\"async\" class=\"alignnone size-medium wp-image-3027\" src=\"https:\/\/portal.uab.pt\/umcla\/wp-content\/uploads\/sites\/21\/2024\/01\/Foto44-300x147.png\" alt=\"\" width=\"300\" height=\"147\" srcset=\"https:\/\/portal.uab.pt\/uct\/wp-content\/uploads\/sites\/21\/2024\/01\/Foto44-300x147.png 300w, https:\/\/portal.uab.pt\/uct\/wp-content\/uploads\/sites\/21\/2024\/01\/Foto44.png 700w\" sizes=\"auto, (max-width: 300px) 100vw, 300px\" \/><\/p>","protected":false},"excerpt":{"rendered":"<p>&nbsp; Aconteceu nos dias 15 e 17 de janeiro de 2024, na Escola Secund\u00e1ria Vitorino Nem\u00e9sio, o evento Viver abril na Educa\u00e7\u00e3o, o qual teve o apoio do Centro Local de Aprendizagem da Universidade Aberta na Praia da Vit\u00f3ria. No dia 15, decorreu uma a\u00e7\u00e3o informativa e de divulga\u00e7\u00e3o sobre os apoios financeiros dispon\u00edveis atrav\u00e9s<a class=\"more-link\" href=\"https:\/\/portal.uab.pt\/uct\/viver-abril-na-educacao\/\">Ler +<\/a><\/p>\n","protected":false},"author":209,"featured_media":3026,"comment_status":"closed","ping_status":"closed","sticky":false,"template":"","format":"standard","meta":{"footnotes":""},"categories":[8],"tags":[],"class_list":["post-3028","post","type-post","status-publish","format-standard","has-post-thumbnail","hentry","category-arquivo","post-thumb"],"_links":{"self":[{"href":"https:\/\/portal.uab.pt\/uct\/wp-json\/wp\/v2\/posts\/3028","targetHints":{"allow":["GET"]}}],"collection":[{"href":"https:\/\/portal.uab.pt\/uct\/wp-json\/wp\/v2\/posts"}],"about":[{"href":"https:\/\/portal.uab.pt\/uct\/wp-json\/wp\/v2\/types\/post"}],"author":[{"embeddable":true,"href":"https:\/\/portal.uab.pt\/uct\/wp-json\/wp\/v2\/users\/209"}],"replies":[{"embeddable":true,"href":"https:\/\/portal.uab.pt\/uct\/wp-json\/wp\/v2\/comments?post=3028"}],"version-history":[{"count":1,"href":"https:\/\/portal.uab.pt\/uct\/wp-json\/wp\/v2\/posts\/3028\/revisions"}],"predecessor-version":[{"id":3029,"href":"https:\/\/portal.uab.pt\/uct\/wp-json\/wp\/v2\/posts\/3028\/revisions\/3029"}],"wp:featuredmedia":[{"embeddable":true,"href":"https:\/\/portal.uab.pt\/uct\/wp-json\/wp\/v2\/media\/3026"}],"wp:attachment":[{"href":"https:\/\/portal.uab.pt\/uct\/wp-json\/wp\/v2\/media?parent=3028"}],"wp:term":[{"taxonomy":"category","embeddable":true,"href":"https:\/\/portal.uab.pt\/uct\/wp-json\/wp\/v2\/categories?post=3028"},{"taxonomy":"post_tag","embeddable":true,"href":"https:\/\/portal.uab.pt\/uct\/wp-json\/wp\/v2\/tags?post=3028"}],"curies":[{"name":"wp","href":"https:\/\/api.w.org\/{rel}","templated":true}]}}