{"id":3234,"date":"2024-04-15T10:45:55","date_gmt":"2024-04-15T10:45:55","guid":{"rendered":"https:\/\/portal.uab.pt\/umcla\/?p=3234"},"modified":"2024-04-15T10:45:55","modified_gmt":"2024-04-15T10:45:55","slug":"soft-skills-para-a-qualificacao-e-inovacao","status":"publish","type":"post","link":"https:\/\/portal.uab.pt\/uct\/soft-skills-para-a-qualificacao-e-inovacao\/","title":{"rendered":"Soft Skills para a Qualifica\u00e7\u00e3o e Inova\u00e7\u00e3o"},"content":{"rendered":"<p><img loading=\"lazy\" decoding=\"async\" class=\"size-medium wp-image-3231 aligncenter\" src=\"https:\/\/portal.uab.pt\/umcla\/wp-content\/uploads\/sites\/21\/2024\/04\/Soft-Skills_apresentacao_cartaz-300x147.png\" alt=\"\" width=\"300\" height=\"147\" srcset=\"https:\/\/portal.uab.pt\/uct\/wp-content\/uploads\/sites\/21\/2024\/04\/Soft-Skills_apresentacao_cartaz-300x147.png 300w, https:\/\/portal.uab.pt\/uct\/wp-content\/uploads\/sites\/21\/2024\/04\/Soft-Skills_apresentacao_cartaz.png 700w\" sizes=\"auto, (max-width: 300px) 100vw, 300px\" \/><\/p>\n<p>&nbsp;<\/p>\n<p>Aconteceu no dia 19 de mar\u00e7o de 2023, o Webinar Soft Skills para a Qualifica\u00e7\u00e3o e Inova\u00e7\u00e3o, organizado pelos Centros Locais de Aprendizagem da Universidade Aberta em Ansi\u00e3o e Cantanhede, em parceria com o Centro Nacional de Qualifica\u00e7\u00e3o de Formadores (CNQF), no \u00e2mbito do ano Europeu das Compet\u00eancias.<\/p>\n<p>Neste webinar, pretendeu-se explorar tem\u00e1ticas como a comunica\u00e7\u00e3o eficaz, lideran\u00e7a, trabalho em equipa, empreendedorismo e criatividade, mergulhando na discuss\u00e3o sobre como estas compet\u00eancias essenciais podem ser eficazmente desenvolvidas no seio educativo e formativo, com pr\u00e1ticas inovadoras.<\/p>\n<p>O evento contou com a presen\u00e7a de Domingos Caeiro, Vice-Reitor, e Jacinto Jardim investigador da Universidade Aberta.<\/p>\n<p>A tem\u00e1tica abordada levantou muito interesse, por parte do p\u00fablico, tendo-se registado a participa\u00e7\u00e3o de 711 pessoas.<\/p>\n<p>&nbsp;<\/p>\n<p><img loading=\"lazy\" decoding=\"async\" class=\"alignnone size-medium wp-image-3230\" src=\"https:\/\/portal.uab.pt\/umcla\/wp-content\/uploads\/sites\/21\/2024\/04\/Soft-Skills_apresentacao-300x147.png\" alt=\"\" width=\"300\" height=\"147\" srcset=\"https:\/\/portal.uab.pt\/uct\/wp-content\/uploads\/sites\/21\/2024\/04\/Soft-Skills_apresentacao-300x147.png 300w, https:\/\/portal.uab.pt\/uct\/wp-content\/uploads\/sites\/21\/2024\/04\/Soft-Skills_apresentacao.png 700w\" sizes=\"auto, (max-width: 300px) 100vw, 300px\" \/> \u00a0\u00a0 <img loading=\"lazy\" decoding=\"async\" class=\"alignnone size-medium wp-image-3232\" src=\"https:\/\/portal.uab.pt\/umcla\/wp-content\/uploads\/sites\/21\/2024\/04\/Soft-Skills_apresentacao2-300x147.png\" alt=\"\" width=\"300\" height=\"147\" srcset=\"https:\/\/portal.uab.pt\/uct\/wp-content\/uploads\/sites\/21\/2024\/04\/Soft-Skills_apresentacao2-300x147.png 300w, https:\/\/portal.uab.pt\/uct\/wp-content\/uploads\/sites\/21\/2024\/04\/Soft-Skills_apresentacao2.png 700w\" sizes=\"auto, (max-width: 300px) 100vw, 300px\" \/> \u00a0\u00a0 <img loading=\"lazy\" decoding=\"async\" class=\"alignnone size-medium wp-image-3233\" src=\"https:\/\/portal.uab.pt\/umcla\/wp-content\/uploads\/sites\/21\/2024\/04\/Soft-Skills_apresentacao3-300x147.png\" alt=\"\" width=\"300\" height=\"147\" srcset=\"https:\/\/portal.uab.pt\/uct\/wp-content\/uploads\/sites\/21\/2024\/04\/Soft-Skills_apresentacao3-300x147.png 300w, https:\/\/portal.uab.pt\/uct\/wp-content\/uploads\/sites\/21\/2024\/04\/Soft-Skills_apresentacao3.png 700w\" sizes=\"auto, (max-width: 300px) 100vw, 300px\" \/><\/p>","protected":false},"excerpt":{"rendered":"<p>&nbsp; Aconteceu no dia 19 de mar\u00e7o de 2023, o Webinar Soft Skills para a Qualifica\u00e7\u00e3o e Inova\u00e7\u00e3o, organizado pelos Centros Locais de Aprendizagem da Universidade Aberta em Ansi\u00e3o e Cantanhede, em parceria com o Centro Nacional de Qualifica\u00e7\u00e3o de Formadores (CNQF), no \u00e2mbito do ano Europeu das Compet\u00eancias. Neste webinar, pretendeu-se explorar tem\u00e1ticas como<a class=\"more-link\" href=\"https:\/\/portal.uab.pt\/uct\/soft-skills-para-a-qualificacao-e-inovacao\/\">Ler +<\/a><\/p>\n","protected":false},"author":209,"featured_media":3231,"comment_status":"closed","ping_status":"closed","sticky":false,"template":"","format":"standard","meta":{"footnotes":""},"categories":[8],"tags":[],"class_list":["post-3234","post","type-post","status-publish","format-standard","has-post-thumbnail","hentry","category-arquivo","post-thumb"],"_links":{"self":[{"href":"https:\/\/portal.uab.pt\/uct\/wp-json\/wp\/v2\/posts\/3234","targetHints":{"allow":["GET"]}}],"collection":[{"href":"https:\/\/portal.uab.pt\/uct\/wp-json\/wp\/v2\/posts"}],"about":[{"href":"https:\/\/portal.uab.pt\/uct\/wp-json\/wp\/v2\/types\/post"}],"author":[{"embeddable":true,"href":"https:\/\/portal.uab.pt\/uct\/wp-json\/wp\/v2\/users\/209"}],"replies":[{"embeddable":true,"href":"https:\/\/portal.uab.pt\/uct\/wp-json\/wp\/v2\/comments?post=3234"}],"version-history":[{"count":1,"href":"https:\/\/portal.uab.pt\/uct\/wp-json\/wp\/v2\/posts\/3234\/revisions"}],"predecessor-version":[{"id":3235,"href":"https:\/\/portal.uab.pt\/uct\/wp-json\/wp\/v2\/posts\/3234\/revisions\/3235"}],"wp:featuredmedia":[{"embeddable":true,"href":"https:\/\/portal.uab.pt\/uct\/wp-json\/wp\/v2\/media\/3231"}],"wp:attachment":[{"href":"https:\/\/portal.uab.pt\/uct\/wp-json\/wp\/v2\/media?parent=3234"}],"wp:term":[{"taxonomy":"category","embeddable":true,"href":"https:\/\/portal.uab.pt\/uct\/wp-json\/wp\/v2\/categories?post=3234"},{"taxonomy":"post_tag","embeddable":true,"href":"https:\/\/portal.uab.pt\/uct\/wp-json\/wp\/v2\/tags?post=3234"}],"curies":[{"name":"wp","href":"https:\/\/api.w.org\/{rel}","templated":true}]}}