{"id":3256,"date":"2024-04-19T10:40:44","date_gmt":"2024-04-19T10:40:44","guid":{"rendered":"https:\/\/portal.uab.pt\/umcla\/?p=3256"},"modified":"2024-04-19T10:40:44","modified_gmt":"2024-04-19T10:40:44","slug":"direito-e-codigo-do-trabalho","status":"publish","type":"post","link":"https:\/\/portal.uab.pt\/uct\/direito-e-codigo-do-trabalho\/","title":{"rendered":"Direito e C\u00f3digo do Trabalho"},"content":{"rendered":"<p><img loading=\"lazy\" decoding=\"async\" class=\"size-medium wp-image-3200 aligncenter\" src=\"https:\/\/portal.uab.pt\/umcla\/wp-content\/uploads\/sites\/21\/2024\/03\/Direito-do-Trabalho-300x147.png\" alt=\"\" width=\"300\" height=\"147\" srcset=\"https:\/\/portal.uab.pt\/uct\/wp-content\/uploads\/sites\/21\/2024\/03\/Direito-do-Trabalho-300x147.png 300w, https:\/\/portal.uab.pt\/uct\/wp-content\/uploads\/sites\/21\/2024\/03\/Direito-do-Trabalho.png 700w\" sizes=\"auto, (max-width: 300px) 100vw, 300px\" \/><\/p>\n<p>&nbsp;<\/p>\n<p>Aconteceu no dia 8 de abril de 2024 o webinar <strong>Direito e C\u00f3digo do Trabalho<\/strong>, organizado pelos Centros Locais de Aprendizagem da Universidade Aberta em Abrantes, Gr\u00e2ndola, M\u00eada, Reguengos de Monsaraz, S\u00e3o Jo\u00e3o da Madeira e Silves.<\/p>\n<p>A sess\u00e3o teve como orador Lu\u00eds Carneiro, docente da Universidade Aberta e participaram 91 pessoas.<\/p>\n<p>Pretendeu-se esclarecer e informar sobre a legisla\u00e7\u00e3o vigente no mercado de trabalho, nomeadamente e com mais relevo a negocia\u00e7\u00e3o e contratos de trabalho; a cessa\u00e7\u00e3o do v\u00ednculo laboral; o local de trabalho; a dura\u00e7\u00e3o do contrato; a organiza\u00e7\u00e3o laboral e a remunera\u00e7\u00e3o e afetos.<\/p>\n<p>&nbsp;<\/p>\n<p><img loading=\"lazy\" decoding=\"async\" class=\"alignnone size-medium wp-image-3254\" src=\"https:\/\/portal.uab.pt\/umcla\/wp-content\/uploads\/sites\/21\/2024\/04\/Direito-do-trabalho_orador-300x147.png\" alt=\"\" width=\"300\" height=\"147\" srcset=\"https:\/\/portal.uab.pt\/uct\/wp-content\/uploads\/sites\/21\/2024\/04\/Direito-do-trabalho_orador-300x147.png 300w, https:\/\/portal.uab.pt\/uct\/wp-content\/uploads\/sites\/21\/2024\/04\/Direito-do-trabalho_orador.png 700w\" sizes=\"auto, (max-width: 300px) 100vw, 300px\" \/> \u00a0\u00a0 <img loading=\"lazy\" decoding=\"async\" class=\"alignnone size-medium wp-image-3253\" src=\"https:\/\/portal.uab.pt\/umcla\/wp-content\/uploads\/sites\/21\/2024\/04\/Direito-do-trabalho_apresentacao2-300x147.png\" alt=\"\" width=\"300\" height=\"147\" srcset=\"https:\/\/portal.uab.pt\/uct\/wp-content\/uploads\/sites\/21\/2024\/04\/Direito-do-trabalho_apresentacao2-300x147.png 300w, https:\/\/portal.uab.pt\/uct\/wp-content\/uploads\/sites\/21\/2024\/04\/Direito-do-trabalho_apresentacao2.png 700w\" sizes=\"auto, (max-width: 300px) 100vw, 300px\" \/> \u00a0\u00a0 <img loading=\"lazy\" decoding=\"async\" class=\"alignnone size-medium wp-image-3255\" src=\"https:\/\/portal.uab.pt\/umcla\/wp-content\/uploads\/sites\/21\/2024\/04\/Direito-do-trabalho_publico-300x147.png\" alt=\"\" width=\"300\" height=\"147\" srcset=\"https:\/\/portal.uab.pt\/uct\/wp-content\/uploads\/sites\/21\/2024\/04\/Direito-do-trabalho_publico-300x147.png 300w, https:\/\/portal.uab.pt\/uct\/wp-content\/uploads\/sites\/21\/2024\/04\/Direito-do-trabalho_publico.png 700w\" sizes=\"auto, (max-width: 300px) 100vw, 300px\" \/><\/p>","protected":false},"excerpt":{"rendered":"<p>&nbsp; Aconteceu no dia 8 de abril de 2024 o webinar Direito e C\u00f3digo do Trabalho, organizado pelos Centros Locais de Aprendizagem da Universidade Aberta em Abrantes, Gr\u00e2ndola, M\u00eada, Reguengos de Monsaraz, S\u00e3o Jo\u00e3o da Madeira e Silves. A sess\u00e3o teve como orador Lu\u00eds Carneiro, docente da Universidade Aberta e participaram 91 pessoas. Pretendeu-se esclarecer<a class=\"more-link\" href=\"https:\/\/portal.uab.pt\/uct\/direito-e-codigo-do-trabalho\/\">Ler +<\/a><\/p>\n","protected":false},"author":209,"featured_media":3200,"comment_status":"closed","ping_status":"closed","sticky":false,"template":"","format":"standard","meta":{"footnotes":""},"categories":[8],"tags":[],"class_list":["post-3256","post","type-post","status-publish","format-standard","has-post-thumbnail","hentry","category-arquivo","post-thumb"],"_links":{"self":[{"href":"https:\/\/portal.uab.pt\/uct\/wp-json\/wp\/v2\/posts\/3256","targetHints":{"allow":["GET"]}}],"collection":[{"href":"https:\/\/portal.uab.pt\/uct\/wp-json\/wp\/v2\/posts"}],"about":[{"href":"https:\/\/portal.uab.pt\/uct\/wp-json\/wp\/v2\/types\/post"}],"author":[{"embeddable":true,"href":"https:\/\/portal.uab.pt\/uct\/wp-json\/wp\/v2\/users\/209"}],"replies":[{"embeddable":true,"href":"https:\/\/portal.uab.pt\/uct\/wp-json\/wp\/v2\/comments?post=3256"}],"version-history":[{"count":1,"href":"https:\/\/portal.uab.pt\/uct\/wp-json\/wp\/v2\/posts\/3256\/revisions"}],"predecessor-version":[{"id":3257,"href":"https:\/\/portal.uab.pt\/uct\/wp-json\/wp\/v2\/posts\/3256\/revisions\/3257"}],"wp:featuredmedia":[{"embeddable":true,"href":"https:\/\/portal.uab.pt\/uct\/wp-json\/wp\/v2\/media\/3200"}],"wp:attachment":[{"href":"https:\/\/portal.uab.pt\/uct\/wp-json\/wp\/v2\/media?parent=3256"}],"wp:term":[{"taxonomy":"category","embeddable":true,"href":"https:\/\/portal.uab.pt\/uct\/wp-json\/wp\/v2\/categories?post=3256"},{"taxonomy":"post_tag","embeddable":true,"href":"https:\/\/portal.uab.pt\/uct\/wp-json\/wp\/v2\/tags?post=3256"}],"curies":[{"name":"wp","href":"https:\/\/api.w.org\/{rel}","templated":true}]}}