{"id":3291,"date":"2024-04-24T10:23:16","date_gmt":"2024-04-24T10:23:16","guid":{"rendered":"https:\/\/portal.uab.pt\/umcla\/?p=3291"},"modified":"2024-04-24T10:23:16","modified_gmt":"2024-04-24T10:23:16","slug":"estilos-academicos-reflexoes-sobre-a-escrita-no-ensino-superior","status":"publish","type":"post","link":"https:\/\/portal.uab.pt\/uct\/estilos-academicos-reflexoes-sobre-a-escrita-no-ensino-superior\/","title":{"rendered":"Estilo(s) Acad\u00e9mico(s): reflex\u00f5es sobre a escrita no ensino superior"},"content":{"rendered":"<p><img loading=\"lazy\" decoding=\"async\" class=\"size-medium wp-image-3289 aligncenter\" src=\"https:\/\/portal.uab.pt\/umcla\/wp-content\/uploads\/sites\/21\/2024\/04\/Estilos-academicos_Cartaz-16-de-abril-300x147.png\" alt=\"\" width=\"300\" height=\"147\" srcset=\"https:\/\/portal.uab.pt\/uct\/wp-content\/uploads\/sites\/21\/2024\/04\/Estilos-academicos_Cartaz-16-de-abril-300x147.png 300w, https:\/\/portal.uab.pt\/uct\/wp-content\/uploads\/sites\/21\/2024\/04\/Estilos-academicos_Cartaz-16-de-abril.png 700w\" sizes=\"auto, (max-width: 300px) 100vw, 300px\" \/><\/p>\n<p>&nbsp;<\/p>\n<p>Aconteceu, no dia 16 de abril, a segunda sess\u00e3o do <strong>Ciclo de Palestras \u201c<em>Investiga\u00e7\u00e3o e Comunica\u00e7\u00e3o Cient\u00edfica no Ensino Superior<\/em>\u201d<\/strong>, promovido pelo Departamento de Humanidades da Universidade Aberta e destinado exclusivamente a estudantes. Esta sess\u00e3o, com o t\u00edtulo de <strong>Estilo(s) Acad\u00e9mico(s): reflex\u00f5es sobre a escrita no ensino superior<\/strong> teve como objetivo abordar temas relativos \u00e0 pesquisa e \u00e0 escrita acad\u00e9mica no ensino superior.<\/p>\n<p>A presente palestra foi promovida por Paulo Nunes da Silva, docente de Lingu\u00edstica na UAb e investigador do Centro de Estudos de Lingu\u00edstica Geral e Aplicada da Universidade de Coimbra (CELGA-ILTEC). Versou sobre o estilo acad\u00e9mico, que se caracteriza pelas formas de falar e de escrever espec\u00edficas dos textos produzidos no ensino superior e na investiga\u00e7\u00e3o. O professor Paulo Nunes da Silva debru\u00e7ou-se sobre os mecanismos de escrita que caracterizam o estilo exigido no ensino superior. Ao longo da sess\u00e3o teceu algumas reflex\u00f5es preliminares sobre o estilo acad\u00e9mico e apresentou alguns dos seus princ\u00edpios gerais, que ilustrou com exemplos concretos.<\/p>\n<p>Participaram na sess\u00e3o 98 estudantes e ex-estudantes da UAb.<\/p>\n<p>&nbsp;<\/p>\n<p><img loading=\"lazy\" decoding=\"async\" class=\"size-medium wp-image-3290 aligncenter\" src=\"https:\/\/portal.uab.pt\/umcla\/wp-content\/uploads\/sites\/21\/2024\/04\/Estilos-academicos_Sessao-de-introducao-ed-300x147.png\" alt=\"\" width=\"300\" height=\"147\" srcset=\"https:\/\/portal.uab.pt\/uct\/wp-content\/uploads\/sites\/21\/2024\/04\/Estilos-academicos_Sessao-de-introducao-ed-300x147.png 300w, https:\/\/portal.uab.pt\/uct\/wp-content\/uploads\/sites\/21\/2024\/04\/Estilos-academicos_Sessao-de-introducao-ed.png 700w\" sizes=\"auto, (max-width: 300px) 100vw, 300px\" \/><\/p>","protected":false},"excerpt":{"rendered":"<p>&nbsp; Aconteceu, no dia 16 de abril, a segunda sess\u00e3o do Ciclo de Palestras \u201cInvestiga\u00e7\u00e3o e Comunica\u00e7\u00e3o Cient\u00edfica no Ensino Superior\u201d, promovido pelo Departamento de Humanidades da Universidade Aberta e destinado exclusivamente a estudantes. Esta sess\u00e3o, com o t\u00edtulo de Estilo(s) Acad\u00e9mico(s): reflex\u00f5es sobre a escrita no ensino superior teve como objetivo abordar temas relativos<a class=\"more-link\" href=\"https:\/\/portal.uab.pt\/uct\/estilos-academicos-reflexoes-sobre-a-escrita-no-ensino-superior\/\">Ler +<\/a><\/p>\n","protected":false},"author":209,"featured_media":3289,"comment_status":"closed","ping_status":"closed","sticky":false,"template":"","format":"standard","meta":{"footnotes":""},"categories":[8],"tags":[],"class_list":["post-3291","post","type-post","status-publish","format-standard","has-post-thumbnail","hentry","category-arquivo","post-thumb"],"_links":{"self":[{"href":"https:\/\/portal.uab.pt\/uct\/wp-json\/wp\/v2\/posts\/3291","targetHints":{"allow":["GET"]}}],"collection":[{"href":"https:\/\/portal.uab.pt\/uct\/wp-json\/wp\/v2\/posts"}],"about":[{"href":"https:\/\/portal.uab.pt\/uct\/wp-json\/wp\/v2\/types\/post"}],"author":[{"embeddable":true,"href":"https:\/\/portal.uab.pt\/uct\/wp-json\/wp\/v2\/users\/209"}],"replies":[{"embeddable":true,"href":"https:\/\/portal.uab.pt\/uct\/wp-json\/wp\/v2\/comments?post=3291"}],"version-history":[{"count":1,"href":"https:\/\/portal.uab.pt\/uct\/wp-json\/wp\/v2\/posts\/3291\/revisions"}],"predecessor-version":[{"id":3292,"href":"https:\/\/portal.uab.pt\/uct\/wp-json\/wp\/v2\/posts\/3291\/revisions\/3292"}],"wp:featuredmedia":[{"embeddable":true,"href":"https:\/\/portal.uab.pt\/uct\/wp-json\/wp\/v2\/media\/3289"}],"wp:attachment":[{"href":"https:\/\/portal.uab.pt\/uct\/wp-json\/wp\/v2\/media?parent=3291"}],"wp:term":[{"taxonomy":"category","embeddable":true,"href":"https:\/\/portal.uab.pt\/uct\/wp-json\/wp\/v2\/categories?post=3291"},{"taxonomy":"post_tag","embeddable":true,"href":"https:\/\/portal.uab.pt\/uct\/wp-json\/wp\/v2\/tags?post=3291"}],"curies":[{"name":"wp","href":"https:\/\/api.w.org\/{rel}","templated":true}]}}