{"id":3379,"date":"2024-05-20T11:21:20","date_gmt":"2024-05-20T11:21:20","guid":{"rendered":"https:\/\/portal.uab.pt\/umcla\/?p=3379"},"modified":"2024-05-20T11:21:20","modified_gmt":"2024-05-20T11:21:20","slug":"campanha-das-candidaturas-a-uab-2024-2025","status":"publish","type":"post","link":"https:\/\/portal.uab.pt\/uct\/campanha-das-candidaturas-a-uab-2024-2025\/","title":{"rendered":"Campanha das Candidaturas \u00e0 UAb 2024\/2025"},"content":{"rendered":"<p><img loading=\"lazy\" decoding=\"async\" class=\"size-medium wp-image-3376 aligncenter\" src=\"https:\/\/portal.uab.pt\/umcla\/wp-content\/uploads\/sites\/21\/2024\/05\/CARTAZ2-300x147.png\" alt=\"\" width=\"300\" height=\"147\" srcset=\"https:\/\/portal.uab.pt\/uct\/wp-content\/uploads\/sites\/21\/2024\/05\/CARTAZ2-300x147.png 300w, https:\/\/portal.uab.pt\/uct\/wp-content\/uploads\/sites\/21\/2024\/05\/CARTAZ2.png 700w\" sizes=\"auto, (max-width: 300px) 100vw, 300px\" \/><\/p>\n<p>&nbsp;<\/p>\n<p>Aconteceu, no dia 15 de maio, uma sess\u00e3o de esclarecimento online destinada ao acesso sem provas em licenciaturas da Universidade Aberta. Esta foi a segunda de tr\u00eas sess\u00f5es promovidas pelos Centros Locais de Aprendizagem da Universidade Aberta de M\u00eada, Gr\u00e2ndola, Sabugal e S\u00e3o Jo\u00e3o da Madeira, no \u00e2mbito da <strong>Campanha das Candidaturas \u00e0 UAb 2024\/2025<\/strong>. Estas sess\u00f5es visam informar, auxiliar e responder \u00e0s d\u00favidas das pessoas interessadas em ingressar nos diversos ciclos de estudo da institui\u00e7\u00e3o.<\/p>\n<p>Ap\u00f3s uma breve apresenta\u00e7\u00e3o da UAb, do seu Modelo Pedag\u00f3gico Virtual, da sua oferta formativa e das modalidades de ingresso sem provas de acesso (Reingresso, Acesso Direto, Mudan\u00e7a de Par Institui\u00e7\u00e3o\/Curso e Unidades Curriculares Isoladas &#8211; 1\u00ba Ciclo), abriu-se um espa\u00e7o totalmente dedicado \u00e0s interven\u00e7\u00f5es dos participantes. As respostas \u00e0s perguntas foram dadas pelas coordenadoras dos Centros Locais de Aprendizagem respons\u00e1veis pela organiza\u00e7\u00e3o do evento, com o apoio e a colabora\u00e7\u00e3o de Fernanda Mexia, t\u00e9cnica da Delega\u00e7\u00e3o Regional de Coimbra.<\/p>\n<p>Participaram na sess\u00e3o 42 pessoas.<\/p>\n<p>&nbsp;<\/p>\n<p><img loading=\"lazy\" decoding=\"async\" class=\"alignnone size-medium wp-image-3377\" src=\"https:\/\/portal.uab.pt\/umcla\/wp-content\/uploads\/sites\/21\/2024\/05\/Catia-Lemos2-300x147.png\" alt=\"\" width=\"300\" height=\"147\" srcset=\"https:\/\/portal.uab.pt\/uct\/wp-content\/uploads\/sites\/21\/2024\/05\/Catia-Lemos2-300x147.png 300w, https:\/\/portal.uab.pt\/uct\/wp-content\/uploads\/sites\/21\/2024\/05\/Catia-Lemos2.png 700w\" sizes=\"auto, (max-width: 300px) 100vw, 300px\" \/> \u00a0\u00a0 <img loading=\"lazy\" decoding=\"async\" class=\"alignnone size-medium wp-image-3378\" src=\"https:\/\/portal.uab.pt\/umcla\/wp-content\/uploads\/sites\/21\/2024\/05\/Fernanda-Mexia2-300x147.png\" alt=\"\" width=\"300\" height=\"147\" srcset=\"https:\/\/portal.uab.pt\/uct\/wp-content\/uploads\/sites\/21\/2024\/05\/Fernanda-Mexia2-300x147.png 300w, https:\/\/portal.uab.pt\/uct\/wp-content\/uploads\/sites\/21\/2024\/05\/Fernanda-Mexia2.png 700w\" sizes=\"auto, (max-width: 300px) 100vw, 300px\" \/> \u00a0\u00a0 <img loading=\"lazy\" decoding=\"async\" class=\"alignnone size-medium wp-image-3375\" src=\"https:\/\/portal.uab.pt\/umcla\/wp-content\/uploads\/sites\/21\/2024\/05\/Apresentacao2-300x147.png\" alt=\"\" width=\"300\" height=\"147\" srcset=\"https:\/\/portal.uab.pt\/uct\/wp-content\/uploads\/sites\/21\/2024\/05\/Apresentacao2-300x147.png 300w, https:\/\/portal.uab.pt\/uct\/wp-content\/uploads\/sites\/21\/2024\/05\/Apresentacao2.png 700w\" sizes=\"auto, (max-width: 300px) 100vw, 300px\" \/><\/p>","protected":false},"excerpt":{"rendered":"<p>&nbsp; Aconteceu, no dia 15 de maio, uma sess\u00e3o de esclarecimento online destinada ao acesso sem provas em licenciaturas da Universidade Aberta. Esta foi a segunda de tr\u00eas sess\u00f5es promovidas pelos Centros Locais de Aprendizagem da Universidade Aberta de M\u00eada, Gr\u00e2ndola, Sabugal e S\u00e3o Jo\u00e3o da Madeira, no \u00e2mbito da Campanha das Candidaturas \u00e0 UAb<a class=\"more-link\" href=\"https:\/\/portal.uab.pt\/uct\/campanha-das-candidaturas-a-uab-2024-2025\/\">Ler +<\/a><\/p>\n","protected":false},"author":209,"featured_media":3376,"comment_status":"closed","ping_status":"closed","sticky":false,"template":"","format":"standard","meta":{"footnotes":""},"categories":[8],"tags":[],"class_list":["post-3379","post","type-post","status-publish","format-standard","has-post-thumbnail","hentry","category-arquivo","post-thumb"],"_links":{"self":[{"href":"https:\/\/portal.uab.pt\/uct\/wp-json\/wp\/v2\/posts\/3379","targetHints":{"allow":["GET"]}}],"collection":[{"href":"https:\/\/portal.uab.pt\/uct\/wp-json\/wp\/v2\/posts"}],"about":[{"href":"https:\/\/portal.uab.pt\/uct\/wp-json\/wp\/v2\/types\/post"}],"author":[{"embeddable":true,"href":"https:\/\/portal.uab.pt\/uct\/wp-json\/wp\/v2\/users\/209"}],"replies":[{"embeddable":true,"href":"https:\/\/portal.uab.pt\/uct\/wp-json\/wp\/v2\/comments?post=3379"}],"version-history":[{"count":1,"href":"https:\/\/portal.uab.pt\/uct\/wp-json\/wp\/v2\/posts\/3379\/revisions"}],"predecessor-version":[{"id":3380,"href":"https:\/\/portal.uab.pt\/uct\/wp-json\/wp\/v2\/posts\/3379\/revisions\/3380"}],"wp:featuredmedia":[{"embeddable":true,"href":"https:\/\/portal.uab.pt\/uct\/wp-json\/wp\/v2\/media\/3376"}],"wp:attachment":[{"href":"https:\/\/portal.uab.pt\/uct\/wp-json\/wp\/v2\/media?parent=3379"}],"wp:term":[{"taxonomy":"category","embeddable":true,"href":"https:\/\/portal.uab.pt\/uct\/wp-json\/wp\/v2\/categories?post=3379"},{"taxonomy":"post_tag","embeddable":true,"href":"https:\/\/portal.uab.pt\/uct\/wp-json\/wp\/v2\/tags?post=3379"}],"curies":[{"name":"wp","href":"https:\/\/api.w.org\/{rel}","templated":true}]}}