{"id":3401,"date":"2024-05-23T10:42:10","date_gmt":"2024-05-23T10:42:10","guid":{"rendered":"https:\/\/portal.uab.pt\/umcla\/?p=3401"},"modified":"2024-05-23T10:43:09","modified_gmt":"2024-05-23T10:43:09","slug":"educrtenatureza-descola-construcao-de-uma-comunidade-aprendente","status":"publish","type":"post","link":"https:\/\/portal.uab.pt\/uct\/educrtenatureza-descola-construcao-de-uma-comunidade-aprendente\/","title":{"rendered":"Educ@rteNatureza &#8211; (D)Escola: constru\u00e7\u00e3o de uma comunidade aprendente"},"content":{"rendered":"<p><img loading=\"lazy\" decoding=\"async\" class=\"size-medium wp-image-3397 aligncenter\" src=\"https:\/\/portal.uab.pt\/umcla\/wp-content\/uploads\/sites\/21\/2024\/05\/Educarte-Natureza_Encontro-descola-300x147.png\" alt=\"\" width=\"300\" height=\"147\" srcset=\"https:\/\/portal.uab.pt\/uct\/wp-content\/uploads\/sites\/21\/2024\/05\/Educarte-Natureza_Encontro-descola-300x147.png 300w, https:\/\/portal.uab.pt\/uct\/wp-content\/uploads\/sites\/21\/2024\/05\/Educarte-Natureza_Encontro-descola.png 700w\" sizes=\"auto, (max-width: 300px) 100vw, 300px\" \/><\/p>\n<p>&nbsp;<\/p>\n<p>O <strong>Educ@rteNatureza<\/strong> pretende promover a literacia ambiental, dando voz e valor aos espa\u00e7os que nos cercam atrav\u00e9s da escuta e escrita de hist\u00f3rias naturais, mem\u00f3rias e valor patrimonial das comunidades numa abordagem ilustrada e mediada pelas tecnologias.<br \/>\nNeste sentido, o Encontro <strong>&#8220;(D)Escola: constru\u00e7\u00e3o de uma comunidade aprendente&#8221;,<\/strong> que decorreu na Biblioteca Municipal de Cantanhede no dia 22 de fevereiro de 2024, com transmiss\u00e3o online, constituiu-se como um importante momento de partilha de experi\u00eancias e iniciativas assentes no trabalho que o munic\u00edpio de Lisboa tem desenvolvido no c\u00edrculo da cultura, arte e ambiente ao servi\u00e7o da educa\u00e7\u00e3o, da sa\u00fade e do bem-estar social. O Encontro visou assim uma reflex\u00e3o sobre a import\u00e2ncia determinante da rela\u00e7\u00e3o entre as escolas e os equipamentos culturais e equipamentos verdes, numa l\u00f3gica de constru\u00e7\u00e3o de uma comunidade de aprendizagem din\u00e2mica e participativa.<br \/>\nEsta iniciativa foi acreditada como uma a\u00e7\u00e3o de forma\u00e7\u00e3o de curta dura\u00e7\u00e3o (despacho n.\u00ba 5741\/2015), pelo Centro de Forma\u00e7\u00e3o da Associa\u00e7\u00e3o de Escolas de Beira Mar.<\/p>\n<p>Saiba mais sobre o projeto em: <a href=\"https:\/\/educartenatureza.uab.pt\/\">https:\/\/educartenatureza.uab.pt\/<\/a><\/p>\n<p>Esteve presente neste evento Diogo Casa Nova, Vice-Reitor da Universidade Aberta.<\/p>\n<p>A sess\u00e3o, que contou com 99 participantes, teve o apoio do Centro de Forma\u00e7\u00e3o de Associa\u00e7\u00e3o de Escolas de Beira Mar, da Escola T\u00e9cnico Profissional de Cantanhede, da Associa\u00e7\u00e3o Musical da Pocari\u00e7a, da C\u00e2mara Municipal de Lisboa\/(D)Escola e da Rede de Bibliotecas Escolares.<\/p>\n<p>&nbsp;<\/p>\n<p><img loading=\"lazy\" decoding=\"async\" class=\"alignnone size-medium wp-image-3399\" src=\"https:\/\/portal.uab.pt\/umcla\/wp-content\/uploads\/sites\/21\/2024\/05\/mesa-300x147.png\" alt=\"\" width=\"300\" height=\"147\" srcset=\"https:\/\/portal.uab.pt\/uct\/wp-content\/uploads\/sites\/21\/2024\/05\/mesa-300x147.png 300w, https:\/\/portal.uab.pt\/uct\/wp-content\/uploads\/sites\/21\/2024\/05\/mesa.png 700w\" sizes=\"auto, (max-width: 300px) 100vw, 300px\" \/> \u00a0\u00a0 <img loading=\"lazy\" decoding=\"async\" class=\"alignnone size-medium wp-image-3398\" src=\"https:\/\/portal.uab.pt\/umcla\/wp-content\/uploads\/sites\/21\/2024\/05\/Diogo-CN-300x147.png\" alt=\"\" width=\"300\" height=\"147\" srcset=\"https:\/\/portal.uab.pt\/uct\/wp-content\/uploads\/sites\/21\/2024\/05\/Diogo-CN-300x147.png 300w, https:\/\/portal.uab.pt\/uct\/wp-content\/uploads\/sites\/21\/2024\/05\/Diogo-CN.png 700w\" sizes=\"auto, (max-width: 300px) 100vw, 300px\" \/> \u00a0\u00a0 <img loading=\"lazy\" decoding=\"async\" class=\"alignnone size-medium wp-image-3400\" src=\"https:\/\/portal.uab.pt\/umcla\/wp-content\/uploads\/sites\/21\/2024\/05\/musica-300x147.png\" alt=\"\" width=\"300\" height=\"147\" srcset=\"https:\/\/portal.uab.pt\/uct\/wp-content\/uploads\/sites\/21\/2024\/05\/musica-300x147.png 300w, https:\/\/portal.uab.pt\/uct\/wp-content\/uploads\/sites\/21\/2024\/05\/musica.png 700w\" sizes=\"auto, (max-width: 300px) 100vw, 300px\" \/><\/p>","protected":false},"excerpt":{"rendered":"<p>&nbsp; O Educ@rteNatureza pretende promover a literacia ambiental, dando voz e valor aos espa\u00e7os que nos cercam atrav\u00e9s da escuta e escrita de hist\u00f3rias naturais, mem\u00f3rias e valor patrimonial das comunidades numa abordagem ilustrada e mediada pelas tecnologias. Neste sentido, o Encontro &#8220;(D)Escola: constru\u00e7\u00e3o de uma comunidade aprendente&#8221;, que decorreu na Biblioteca Municipal de Cantanhede<a class=\"more-link\" href=\"https:\/\/portal.uab.pt\/uct\/educrtenatureza-descola-construcao-de-uma-comunidade-aprendente\/\">Ler +<\/a><\/p>\n","protected":false},"author":209,"featured_media":3397,"comment_status":"closed","ping_status":"closed","sticky":false,"template":"","format":"standard","meta":{"footnotes":""},"categories":[8],"tags":[],"class_list":["post-3401","post","type-post","status-publish","format-standard","has-post-thumbnail","hentry","category-arquivo","post-thumb"],"_links":{"self":[{"href":"https:\/\/portal.uab.pt\/uct\/wp-json\/wp\/v2\/posts\/3401","targetHints":{"allow":["GET"]}}],"collection":[{"href":"https:\/\/portal.uab.pt\/uct\/wp-json\/wp\/v2\/posts"}],"about":[{"href":"https:\/\/portal.uab.pt\/uct\/wp-json\/wp\/v2\/types\/post"}],"author":[{"embeddable":true,"href":"https:\/\/portal.uab.pt\/uct\/wp-json\/wp\/v2\/users\/209"}],"replies":[{"embeddable":true,"href":"https:\/\/portal.uab.pt\/uct\/wp-json\/wp\/v2\/comments?post=3401"}],"version-history":[{"count":2,"href":"https:\/\/portal.uab.pt\/uct\/wp-json\/wp\/v2\/posts\/3401\/revisions"}],"predecessor-version":[{"id":3403,"href":"https:\/\/portal.uab.pt\/uct\/wp-json\/wp\/v2\/posts\/3401\/revisions\/3403"}],"wp:featuredmedia":[{"embeddable":true,"href":"https:\/\/portal.uab.pt\/uct\/wp-json\/wp\/v2\/media\/3397"}],"wp:attachment":[{"href":"https:\/\/portal.uab.pt\/uct\/wp-json\/wp\/v2\/media?parent=3401"}],"wp:term":[{"taxonomy":"category","embeddable":true,"href":"https:\/\/portal.uab.pt\/uct\/wp-json\/wp\/v2\/categories?post=3401"},{"taxonomy":"post_tag","embeddable":true,"href":"https:\/\/portal.uab.pt\/uct\/wp-json\/wp\/v2\/tags?post=3401"}],"curies":[{"name":"wp","href":"https:\/\/api.w.org\/{rel}","templated":true}]}}