{"id":3417,"date":"2024-05-23T11:25:38","date_gmt":"2024-05-23T11:25:38","guid":{"rendered":"https:\/\/portal.uab.pt\/umcla\/?p=3417"},"modified":"2024-05-23T11:25:38","modified_gmt":"2024-05-23T11:25:38","slug":"dia-internacional-das-mulheres-e-meninas-na-ciencia","status":"publish","type":"post","link":"https:\/\/portal.uab.pt\/uct\/dia-internacional-das-mulheres-e-meninas-na-ciencia\/","title":{"rendered":"Dia Internacional das Mulheres e Meninas na Ci\u00eancia"},"content":{"rendered":"<p><img loading=\"lazy\" decoding=\"async\" class=\"size-medium wp-image-3415 aligncenter\" src=\"https:\/\/portal.uab.pt\/umcla\/wp-content\/uploads\/sites\/21\/2024\/05\/Portal-UMCLA-1-004_cartaz-300x147.png\" alt=\"\" width=\"300\" height=\"147\" srcset=\"https:\/\/portal.uab.pt\/uct\/wp-content\/uploads\/sites\/21\/2024\/05\/Portal-UMCLA-1-004_cartaz-300x147.png 300w, https:\/\/portal.uab.pt\/uct\/wp-content\/uploads\/sites\/21\/2024\/05\/Portal-UMCLA-1-004_cartaz.png 700w\" sizes=\"auto, (max-width: 300px) 100vw, 300px\" \/><\/p>\n<p>&nbsp;<\/p>\n<p>No \u00e2mbito do projeto <strong>Educ@rteNatureza<\/strong>, a nossa equipa foi convidada pelo agrupamento de Escolas da Guia (Pombal) a desenvolver uma iniciativa no \u00e2mbito do <strong>Dia Internacional das Mulheres e Meninas na Ci\u00eancia, <\/strong>no dia 23 de fevereiro de 2024.<\/p>\n<p>Dentro das tem\u00e1ticas desenvolvidas pelo projeto e face \u00e0 faixa et\u00e1ria dos destinat\u00e1rios da a\u00e7\u00e3o (crian\u00e7as do pr\u00e9-escolar e do primeiro ciclo do Ensino B\u00e1sico), optamos por realizar uma breve introdu\u00e7\u00e3o \u00e0 tem\u00e1tica das Mulheres e Meninas na Ci\u00eancia, apresentando algumas inven\u00e7\u00f5es no feminino e depois abordamos os polinizadores, mais especificamente as abelhas \u2013 numa perspetiva pluridisciplinar da educa\u00e7\u00e3o, psicologia e biologia.<\/p>\n<p>Foram dinamizadas tr\u00eas sess\u00f5es (pr\u00e9-escolar, 1.\u00ba e 2.\u00ba ano e, 3.\u00ba 3 4.\u00ba ano), os alunos eram acompanhados pelas professoras e auxiliares.<\/p>\n<p>Participaram na sess\u00e3o 145 pessoas.<\/p>\n<p>&nbsp;<\/p>\n<p><img loading=\"lazy\" decoding=\"async\" class=\"alignnone size-medium wp-image-3413\" src=\"https:\/\/portal.uab.pt\/umcla\/wp-content\/uploads\/sites\/21\/2024\/05\/Oradora-300x147.png\" alt=\"\" width=\"300\" height=\"147\" srcset=\"https:\/\/portal.uab.pt\/uct\/wp-content\/uploads\/sites\/21\/2024\/05\/Oradora-300x147.png 300w, https:\/\/portal.uab.pt\/uct\/wp-content\/uploads\/sites\/21\/2024\/05\/Oradora.png 700w\" sizes=\"auto, (max-width: 300px) 100vw, 300px\" \/> \u00a0\u00a0 <img loading=\"lazy\" decoding=\"async\" class=\"alignnone size-medium wp-image-3414\" src=\"https:\/\/portal.uab.pt\/umcla\/wp-content\/uploads\/sites\/21\/2024\/05\/Oradora2-300x147.png\" alt=\"\" width=\"300\" height=\"147\" srcset=\"https:\/\/portal.uab.pt\/uct\/wp-content\/uploads\/sites\/21\/2024\/05\/Oradora2-300x147.png 300w, https:\/\/portal.uab.pt\/uct\/wp-content\/uploads\/sites\/21\/2024\/05\/Oradora2.png 700w\" sizes=\"auto, (max-width: 300px) 100vw, 300px\" \/> \u00a0\u00a0 <img loading=\"lazy\" decoding=\"async\" class=\"alignnone size-medium wp-image-3416\" src=\"https:\/\/portal.uab.pt\/umcla\/wp-content\/uploads\/sites\/21\/2024\/05\/Trabalho-300x147.png\" alt=\"\" width=\"300\" height=\"147\" srcset=\"https:\/\/portal.uab.pt\/uct\/wp-content\/uploads\/sites\/21\/2024\/05\/Trabalho-300x147.png 300w, https:\/\/portal.uab.pt\/uct\/wp-content\/uploads\/sites\/21\/2024\/05\/Trabalho.png 700w\" sizes=\"auto, (max-width: 300px) 100vw, 300px\" \/><\/p>","protected":false},"excerpt":{"rendered":"<p>&nbsp; No \u00e2mbito do projeto Educ@rteNatureza, a nossa equipa foi convidada pelo agrupamento de Escolas da Guia (Pombal) a desenvolver uma iniciativa no \u00e2mbito do Dia Internacional das Mulheres e Meninas na Ci\u00eancia, no dia 23 de fevereiro de 2024. Dentro das tem\u00e1ticas desenvolvidas pelo projeto e face \u00e0 faixa et\u00e1ria dos destinat\u00e1rios da a\u00e7\u00e3o<a class=\"more-link\" href=\"https:\/\/portal.uab.pt\/uct\/dia-internacional-das-mulheres-e-meninas-na-ciencia\/\">Ler +<\/a><\/p>\n","protected":false},"author":209,"featured_media":3415,"comment_status":"closed","ping_status":"closed","sticky":false,"template":"","format":"standard","meta":{"footnotes":""},"categories":[8],"tags":[],"class_list":["post-3417","post","type-post","status-publish","format-standard","has-post-thumbnail","hentry","category-arquivo","post-thumb"],"_links":{"self":[{"href":"https:\/\/portal.uab.pt\/uct\/wp-json\/wp\/v2\/posts\/3417","targetHints":{"allow":["GET"]}}],"collection":[{"href":"https:\/\/portal.uab.pt\/uct\/wp-json\/wp\/v2\/posts"}],"about":[{"href":"https:\/\/portal.uab.pt\/uct\/wp-json\/wp\/v2\/types\/post"}],"author":[{"embeddable":true,"href":"https:\/\/portal.uab.pt\/uct\/wp-json\/wp\/v2\/users\/209"}],"replies":[{"embeddable":true,"href":"https:\/\/portal.uab.pt\/uct\/wp-json\/wp\/v2\/comments?post=3417"}],"version-history":[{"count":1,"href":"https:\/\/portal.uab.pt\/uct\/wp-json\/wp\/v2\/posts\/3417\/revisions"}],"predecessor-version":[{"id":3418,"href":"https:\/\/portal.uab.pt\/uct\/wp-json\/wp\/v2\/posts\/3417\/revisions\/3418"}],"wp:featuredmedia":[{"embeddable":true,"href":"https:\/\/portal.uab.pt\/uct\/wp-json\/wp\/v2\/media\/3415"}],"wp:attachment":[{"href":"https:\/\/portal.uab.pt\/uct\/wp-json\/wp\/v2\/media?parent=3417"}],"wp:term":[{"taxonomy":"category","embeddable":true,"href":"https:\/\/portal.uab.pt\/uct\/wp-json\/wp\/v2\/categories?post=3417"},{"taxonomy":"post_tag","embeddable":true,"href":"https:\/\/portal.uab.pt\/uct\/wp-json\/wp\/v2\/tags?post=3417"}],"curies":[{"name":"wp","href":"https:\/\/api.w.org\/{rel}","templated":true}]}}