{"id":3492,"date":"2024-06-03T15:40:55","date_gmt":"2024-06-03T15:40:55","guid":{"rendered":"https:\/\/portal.uab.pt\/umcla\/?p=3492"},"modified":"2024-06-03T15:40:55","modified_gmt":"2024-06-03T15:40:55","slug":"agua-historia-e-patrimonio","status":"publish","type":"post","link":"https:\/\/portal.uab.pt\/uct\/agua-historia-e-patrimonio\/","title":{"rendered":"\u00c1gua, Hist\u00f3ria e Patrim\u00f3nio"},"content":{"rendered":"<p><img loading=\"lazy\" decoding=\"async\" class=\"size-medium wp-image-3050 aligncenter\" src=\"https:\/\/portal.uab.pt\/umcla\/wp-content\/uploads\/sites\/21\/2024\/02\/CicloAguasPedra-300x147.png\" alt=\"\" width=\"300\" height=\"147\" srcset=\"https:\/\/portal.uab.pt\/uct\/wp-content\/uploads\/sites\/21\/2024\/02\/CicloAguasPedra-300x147.png 300w, https:\/\/portal.uab.pt\/uct\/wp-content\/uploads\/sites\/21\/2024\/02\/CicloAguasPedra.png 700w\" sizes=\"auto, (max-width: 300px) 100vw, 300px\" \/><\/p>\n<p>&nbsp;<\/p>\n<p>Realizou-se no dia 8 de maio a 2\u00aa sess\u00e3o do\u00a0<em>Ciclo de Confer\u00eancias \u00c1guas de Pedra,<\/em>\u00a0que incidiu na tem\u00e1tica <strong>\u00c1gua, Hist\u00f3ria e Patrim\u00f3nio<\/strong>. O evento, em formato h\u00edbrido, teve lugar no audit\u00f3rio da Associa\u00e7\u00e3o do Centro de Estudos de Cultura, Hist\u00f3ria, Artes e Patrim\u00f3nios, em Vila Vi\u00e7osa.<\/p>\n<p>A abertura da confer\u00eancia foi feita por membros da organiza\u00e7\u00e3o, o Presidente da Dire\u00e7\u00e3o do Centro de Estudos de Cultura, Hist\u00f3ria, Artes e Patrim\u00f3nios (CECHAP), Carlos Filipe, e a docente da Universidade Aberta (UAb) e investigadora do Centro de Estudos Globais, C\u00e9lia Ferreira. O painel de confer\u00eancias foi moderado por Paulo Oliveira Ramos (docente UAb jubilado) e contou com a participa\u00e7\u00e3o de Patr\u00edcia Alho que abordou &#8220;A \u00e1gua e as pedreiras: a aplicabilidade na mat\u00e9ria na t\u00e9cnica hidr\u00e1ulica&#8221; (Universidade de Lisboa), Armando Quintas trouxe a comunica\u00e7\u00e3o &#8220;A \u00e1gua e o patrim\u00f3nio no contexto da moderniza\u00e7\u00e3o dos m\u00e1rmores do Alentejo&#8221; (CIDEHUS\/CECHAP), Pedro In\u00e1cio falou sobre &#8220;Aquedutos, da obra antiga aos monumento hist\u00f3ricos&#8221; (EPAL), e ainda, Jo\u00e3o Pires Lopes explorou o tema &#8220;O aproveitamento da \u00e1gua: a\u00e7udes, moinhos, piz\u00f5es e azenhas. Um projeto de valoriza\u00e7\u00e3o do patrim\u00f3nio a crescer&#8221; (CECHAP).<\/p>\n<p>&nbsp;<\/p>\n<p><img loading=\"lazy\" decoding=\"async\" class=\"alignnone size-medium wp-image-3488\" src=\"https:\/\/portal.uab.pt\/umcla\/wp-content\/uploads\/sites\/21\/2024\/06\/Moinho2-300x147.png\" alt=\"\" width=\"300\" height=\"147\" srcset=\"https:\/\/portal.uab.pt\/uct\/wp-content\/uploads\/sites\/21\/2024\/06\/Moinho2-300x147.png 300w, https:\/\/portal.uab.pt\/uct\/wp-content\/uploads\/sites\/21\/2024\/06\/Moinho2.png 700w\" sizes=\"auto, (max-width: 300px) 100vw, 300px\" \/> \u00a0\u00a0 <img loading=\"lazy\" decoding=\"async\" class=\"alignnone size-medium wp-image-3489\" src=\"https:\/\/portal.uab.pt\/umcla\/wp-content\/uploads\/sites\/21\/2024\/06\/Orador12-300x147.png\" alt=\"\" width=\"300\" height=\"147\" srcset=\"https:\/\/portal.uab.pt\/uct\/wp-content\/uploads\/sites\/21\/2024\/06\/Orador12-300x147.png 300w, https:\/\/portal.uab.pt\/uct\/wp-content\/uploads\/sites\/21\/2024\/06\/Orador12.png 700w\" sizes=\"auto, (max-width: 300px) 100vw, 300px\" \/> \u00a0\u00a0 <img loading=\"lazy\" decoding=\"async\" class=\"alignnone size-medium wp-image-3490\" src=\"https:\/\/portal.uab.pt\/umcla\/wp-content\/uploads\/sites\/21\/2024\/06\/Orador22-300x147.png\" alt=\"\" width=\"300\" height=\"147\" srcset=\"https:\/\/portal.uab.pt\/uct\/wp-content\/uploads\/sites\/21\/2024\/06\/Orador22-300x147.png 300w, https:\/\/portal.uab.pt\/uct\/wp-content\/uploads\/sites\/21\/2024\/06\/Orador22.png 700w\" sizes=\"auto, (max-width: 300px) 100vw, 300px\" \/> \u00a0\u00a0 <img loading=\"lazy\" decoding=\"async\" class=\"alignnone size-medium wp-image-3491\" src=\"https:\/\/portal.uab.pt\/umcla\/wp-content\/uploads\/sites\/21\/2024\/06\/Publico2-300x147.png\" alt=\"\" width=\"300\" height=\"147\" srcset=\"https:\/\/portal.uab.pt\/uct\/wp-content\/uploads\/sites\/21\/2024\/06\/Publico2-300x147.png 300w, https:\/\/portal.uab.pt\/uct\/wp-content\/uploads\/sites\/21\/2024\/06\/Publico2.png 700w\" sizes=\"auto, (max-width: 300px) 100vw, 300px\" \/><\/p>","protected":false},"excerpt":{"rendered":"<p>&nbsp; Realizou-se no dia 8 de maio a 2\u00aa sess\u00e3o do\u00a0Ciclo de Confer\u00eancias \u00c1guas de Pedra,\u00a0que incidiu na tem\u00e1tica \u00c1gua, Hist\u00f3ria e Patrim\u00f3nio. O evento, em formato h\u00edbrido, teve lugar no audit\u00f3rio da Associa\u00e7\u00e3o do Centro de Estudos de Cultura, Hist\u00f3ria, Artes e Patrim\u00f3nios, em Vila Vi\u00e7osa. A abertura da confer\u00eancia foi feita por membros<a class=\"more-link\" href=\"https:\/\/portal.uab.pt\/uct\/agua-historia-e-patrimonio\/\">Ler +<\/a><\/p>\n","protected":false},"author":209,"featured_media":3050,"comment_status":"closed","ping_status":"closed","sticky":false,"template":"","format":"standard","meta":{"footnotes":""},"categories":[8],"tags":[],"class_list":["post-3492","post","type-post","status-publish","format-standard","has-post-thumbnail","hentry","category-arquivo","post-thumb"],"_links":{"self":[{"href":"https:\/\/portal.uab.pt\/uct\/wp-json\/wp\/v2\/posts\/3492","targetHints":{"allow":["GET"]}}],"collection":[{"href":"https:\/\/portal.uab.pt\/uct\/wp-json\/wp\/v2\/posts"}],"about":[{"href":"https:\/\/portal.uab.pt\/uct\/wp-json\/wp\/v2\/types\/post"}],"author":[{"embeddable":true,"href":"https:\/\/portal.uab.pt\/uct\/wp-json\/wp\/v2\/users\/209"}],"replies":[{"embeddable":true,"href":"https:\/\/portal.uab.pt\/uct\/wp-json\/wp\/v2\/comments?post=3492"}],"version-history":[{"count":1,"href":"https:\/\/portal.uab.pt\/uct\/wp-json\/wp\/v2\/posts\/3492\/revisions"}],"predecessor-version":[{"id":3493,"href":"https:\/\/portal.uab.pt\/uct\/wp-json\/wp\/v2\/posts\/3492\/revisions\/3493"}],"wp:featuredmedia":[{"embeddable":true,"href":"https:\/\/portal.uab.pt\/uct\/wp-json\/wp\/v2\/media\/3050"}],"wp:attachment":[{"href":"https:\/\/portal.uab.pt\/uct\/wp-json\/wp\/v2\/media?parent=3492"}],"wp:term":[{"taxonomy":"category","embeddable":true,"href":"https:\/\/portal.uab.pt\/uct\/wp-json\/wp\/v2\/categories?post=3492"},{"taxonomy":"post_tag","embeddable":true,"href":"https:\/\/portal.uab.pt\/uct\/wp-json\/wp\/v2\/tags?post=3492"}],"curies":[{"name":"wp","href":"https:\/\/api.w.org\/{rel}","templated":true}]}}