{"id":3502,"date":"2024-06-04T13:11:45","date_gmt":"2024-06-04T13:11:45","guid":{"rendered":"https:\/\/portal.uab.pt\/umcla\/?p=3502"},"modified":"2024-06-04T13:11:45","modified_gmt":"2024-06-04T13:11:45","slug":"papeis-sociais-da-pessoa-idosa","status":"publish","type":"post","link":"https:\/\/portal.uab.pt\/uct\/papeis-sociais-da-pessoa-idosa\/","title":{"rendered":"Pap\u00e9is Sociais da Pessoa Idosa"},"content":{"rendered":"<p><img loading=\"lazy\" decoding=\"async\" class=\"size-medium wp-image-3177 aligncenter\" src=\"https:\/\/portal.uab.pt\/umcla\/wp-content\/uploads\/sites\/21\/2024\/03\/Papeis-sociais-da-pessoa-idosa-300x147.png\" alt=\"\" width=\"300\" height=\"147\" srcset=\"https:\/\/portal.uab.pt\/uct\/wp-content\/uploads\/sites\/21\/2024\/03\/Papeis-sociais-da-pessoa-idosa-300x147.png 300w, https:\/\/portal.uab.pt\/uct\/wp-content\/uploads\/sites\/21\/2024\/03\/Papeis-sociais-da-pessoa-idosa.png 700w\" sizes=\"auto, (max-width: 300px) 100vw, 300px\" \/><\/p>\n<p>&nbsp;<\/p>\n<p>Teve lugar no passado dia 23 de abril, a 3\u00aa oficina online \u2018Viver com Vital_idade\u2019, dinamizada pelo docente da Universidade Aberta, Jo\u00e3o Relv\u00e3o Caetano.<\/p>\n<p>Tendo como objetivo geral, a reflex\u00e3o sobre o estatuto e particularidades de vida das pessoas idosas em Portugal no per\u00edodo anterior e posterior ao 25 de abril de 1974, contou com a participa\u00e7\u00e3o, em grupo, do p\u00fablico que assistiu, presencialmente, \u00e0 sess\u00e3o no Audit\u00f3rio da Biblioteca Municipal de Cantanhede e, em formato online, os alunos da Universidade S\u00e9nior de Porto Santo (Madeira), UniS\u00e9nior \u2013 Faial (A\u00e7ores), bem como participantes individuais.<\/p>\n<p>Num contexto marcado pela invers\u00e3o da pir\u00e2mide et\u00e1ria, procurou-se perceber as tend\u00eancias de evolu\u00e7\u00e3o do olhar pol\u00edtico e social para com as pessoas idosas e qual pode ser o protagonismo destas na sociedade presente e futura.<\/p>\n<p>Na interven\u00e7\u00e3o de Jo\u00e3o Relv\u00e3o Caetano, procurou-se fazer uma an\u00e1lise sobre o estatuto e particularidades de vida das pessoas idosas em Portugal no per\u00edodo anterior e posterior ao 25 de abril de 1974. Foram abordadas as expetativas atribu\u00eddas aos pap\u00e9is sociais da pessoa idosa, no per\u00edodo do Estado Novo e ap\u00f3s o 25 de abril, tendo presente o contexto familiar e socioecon\u00f3mico, assim como o que significa a procura de valoriza\u00e7\u00e3o do seu bem-estar com qualidade de vida.<\/p>\n<p>Esta iniciativa teve a coorganiza\u00e7\u00e3o os Centros Locais de Aprendizagem da Universidade Aberta de Cantanhede, Gr\u00e2ndola, Madalena, Peso da R\u00e9gua, Ponte de Lima e S\u00e3o Jo\u00e3o da Madeira, tendo a chancela cient\u00edfica da Sociedade Portuguesa de Geriatria e Gerontologia e Associa\u00e7\u00e3o Portuguesa de Psicogerontologia.<\/p>\n<p>&nbsp;<\/p>\n<p><img loading=\"lazy\" decoding=\"async\" class=\"size-medium wp-image-3501 aligncenter\" src=\"https:\/\/portal.uab.pt\/umcla\/wp-content\/uploads\/sites\/21\/2024\/06\/Joao-Caetano2-300x147.png\" alt=\"\" width=\"300\" height=\"147\" srcset=\"https:\/\/portal.uab.pt\/uct\/wp-content\/uploads\/sites\/21\/2024\/06\/Joao-Caetano2-300x147.png 300w, https:\/\/portal.uab.pt\/uct\/wp-content\/uploads\/sites\/21\/2024\/06\/Joao-Caetano2.png 700w\" sizes=\"auto, (max-width: 300px) 100vw, 300px\" \/> \u00a0\u00a0 <img loading=\"lazy\" decoding=\"async\" class=\"size-medium wp-image-3500 aligncenter\" src=\"https:\/\/portal.uab.pt\/umcla\/wp-content\/uploads\/sites\/21\/2024\/06\/Grupo2-300x147.png\" alt=\"\" width=\"300\" height=\"147\" srcset=\"https:\/\/portal.uab.pt\/uct\/wp-content\/uploads\/sites\/21\/2024\/06\/Grupo2-300x147.png 300w, https:\/\/portal.uab.pt\/uct\/wp-content\/uploads\/sites\/21\/2024\/06\/Grupo2.png 700w\" sizes=\"auto, (max-width: 300px) 100vw, 300px\" \/><\/p>","protected":false},"excerpt":{"rendered":"<p>&nbsp; Teve lugar no passado dia 23 de abril, a 3\u00aa oficina online \u2018Viver com Vital_idade\u2019, dinamizada pelo docente da Universidade Aberta, Jo\u00e3o Relv\u00e3o Caetano. Tendo como objetivo geral, a reflex\u00e3o sobre o estatuto e particularidades de vida das pessoas idosas em Portugal no per\u00edodo anterior e posterior ao 25 de abril de 1974, contou<a class=\"more-link\" href=\"https:\/\/portal.uab.pt\/uct\/papeis-sociais-da-pessoa-idosa\/\">Ler +<\/a><\/p>\n","protected":false},"author":209,"featured_media":3177,"comment_status":"closed","ping_status":"closed","sticky":false,"template":"","format":"standard","meta":{"footnotes":""},"categories":[8],"tags":[],"class_list":["post-3502","post","type-post","status-publish","format-standard","has-post-thumbnail","hentry","category-arquivo","post-thumb"],"_links":{"self":[{"href":"https:\/\/portal.uab.pt\/uct\/wp-json\/wp\/v2\/posts\/3502","targetHints":{"allow":["GET"]}}],"collection":[{"href":"https:\/\/portal.uab.pt\/uct\/wp-json\/wp\/v2\/posts"}],"about":[{"href":"https:\/\/portal.uab.pt\/uct\/wp-json\/wp\/v2\/types\/post"}],"author":[{"embeddable":true,"href":"https:\/\/portal.uab.pt\/uct\/wp-json\/wp\/v2\/users\/209"}],"replies":[{"embeddable":true,"href":"https:\/\/portal.uab.pt\/uct\/wp-json\/wp\/v2\/comments?post=3502"}],"version-history":[{"count":1,"href":"https:\/\/portal.uab.pt\/uct\/wp-json\/wp\/v2\/posts\/3502\/revisions"}],"predecessor-version":[{"id":3503,"href":"https:\/\/portal.uab.pt\/uct\/wp-json\/wp\/v2\/posts\/3502\/revisions\/3503"}],"wp:featuredmedia":[{"embeddable":true,"href":"https:\/\/portal.uab.pt\/uct\/wp-json\/wp\/v2\/media\/3177"}],"wp:attachment":[{"href":"https:\/\/portal.uab.pt\/uct\/wp-json\/wp\/v2\/media?parent=3502"}],"wp:term":[{"taxonomy":"category","embeddable":true,"href":"https:\/\/portal.uab.pt\/uct\/wp-json\/wp\/v2\/categories?post=3502"},{"taxonomy":"post_tag","embeddable":true,"href":"https:\/\/portal.uab.pt\/uct\/wp-json\/wp\/v2\/tags?post=3502"}],"curies":[{"name":"wp","href":"https:\/\/api.w.org\/{rel}","templated":true}]}}