{"id":3577,"date":"2024-07-05T13:19:22","date_gmt":"2024-07-05T13:19:22","guid":{"rendered":"https:\/\/portal.uab.pt\/umcla\/?p=3577"},"modified":"2024-07-05T13:19:22","modified_gmt":"2024-07-05T13:19:22","slug":"prevencao-de-comportamentos-aditivos-e-dependencias-processos-de-mudanca","status":"publish","type":"post","link":"https:\/\/portal.uab.pt\/uct\/prevencao-de-comportamentos-aditivos-e-dependencias-processos-de-mudanca\/","title":{"rendered":"Preven\u00e7\u00e3o de comportamentos aditivos e depend\u00eancias. Processos de mudan\u00e7a"},"content":{"rendered":"<p><img loading=\"lazy\" decoding=\"async\" class=\"size-medium wp-image-3442 aligncenter\" src=\"https:\/\/portal.uab.pt\/umcla\/wp-content\/uploads\/sites\/21\/2024\/05\/PrevencaoComportamentosAditivos-300x147.png\" alt=\"\" width=\"300\" height=\"147\" srcset=\"https:\/\/portal.uab.pt\/uct\/wp-content\/uploads\/sites\/21\/2024\/05\/PrevencaoComportamentosAditivos-300x147.png 300w, https:\/\/portal.uab.pt\/uct\/wp-content\/uploads\/sites\/21\/2024\/05\/PrevencaoComportamentosAditivos.png 700w\" sizes=\"auto, (max-width: 300px) 100vw, 300px\" \/><\/p>\n<p>&nbsp;<\/p>\n<p>No passado dia 26 de junho de 2024 decorreu a a\u00e7\u00e3o <strong>Preven\u00e7\u00e3o de comportamentos aditivos e depend\u00eancias. Processos de mudan\u00e7a<\/strong>, destinada a t\u00e9cnicos das Comiss\u00f5es de Prote\u00e7\u00e3o de Crian\u00e7as e Jovens e a outros t\u00e9cnicos interessados. A a\u00e7\u00e3o foi dinamizada por Susana Henriques, docente da Universidade Aberta e investigadora da \u00e1rea. Contando com cerca de 117 participantes, a a\u00e7\u00e3o revelou-se din\u00e2mica, interessante e muito \u00fatil n\u00e3o apenas para os t\u00e9cnicos que se encontram no terreno, mas para todos os que se preocupam com a tem\u00e1tica.<\/p>\n<p>A sess\u00e3o foi organizada em parceria pelo Centro Local de Aprendizagem (CLA) da Universidade Aberta (UAb) em Gr\u00e2ndola e pela Comiss\u00e3o de Prote\u00e7\u00e3o de Crian\u00e7as e Jovens de Santiago do Cac\u00e9m.<\/p>","protected":false},"excerpt":{"rendered":"<p>&nbsp; No passado dia 26 de junho de 2024 decorreu a a\u00e7\u00e3o Preven\u00e7\u00e3o de comportamentos aditivos e depend\u00eancias. Processos de mudan\u00e7a, destinada a t\u00e9cnicos das Comiss\u00f5es de Prote\u00e7\u00e3o de Crian\u00e7as e Jovens e a outros t\u00e9cnicos interessados. A a\u00e7\u00e3o foi dinamizada por Susana Henriques, docente da Universidade Aberta e investigadora da \u00e1rea. Contando com cerca<a class=\"more-link\" href=\"https:\/\/portal.uab.pt\/uct\/prevencao-de-comportamentos-aditivos-e-dependencias-processos-de-mudanca\/\">Ler +<\/a><\/p>\n","protected":false},"author":209,"featured_media":3442,"comment_status":"closed","ping_status":"closed","sticky":false,"template":"","format":"standard","meta":{"footnotes":""},"categories":[8],"tags":[],"class_list":["post-3577","post","type-post","status-publish","format-standard","has-post-thumbnail","hentry","category-arquivo","post-thumb"],"_links":{"self":[{"href":"https:\/\/portal.uab.pt\/uct\/wp-json\/wp\/v2\/posts\/3577","targetHints":{"allow":["GET"]}}],"collection":[{"href":"https:\/\/portal.uab.pt\/uct\/wp-json\/wp\/v2\/posts"}],"about":[{"href":"https:\/\/portal.uab.pt\/uct\/wp-json\/wp\/v2\/types\/post"}],"author":[{"embeddable":true,"href":"https:\/\/portal.uab.pt\/uct\/wp-json\/wp\/v2\/users\/209"}],"replies":[{"embeddable":true,"href":"https:\/\/portal.uab.pt\/uct\/wp-json\/wp\/v2\/comments?post=3577"}],"version-history":[{"count":1,"href":"https:\/\/portal.uab.pt\/uct\/wp-json\/wp\/v2\/posts\/3577\/revisions"}],"predecessor-version":[{"id":3578,"href":"https:\/\/portal.uab.pt\/uct\/wp-json\/wp\/v2\/posts\/3577\/revisions\/3578"}],"wp:featuredmedia":[{"embeddable":true,"href":"https:\/\/portal.uab.pt\/uct\/wp-json\/wp\/v2\/media\/3442"}],"wp:attachment":[{"href":"https:\/\/portal.uab.pt\/uct\/wp-json\/wp\/v2\/media?parent=3577"}],"wp:term":[{"taxonomy":"category","embeddable":true,"href":"https:\/\/portal.uab.pt\/uct\/wp-json\/wp\/v2\/categories?post=3577"},{"taxonomy":"post_tag","embeddable":true,"href":"https:\/\/portal.uab.pt\/uct\/wp-json\/wp\/v2\/tags?post=3577"}],"curies":[{"name":"wp","href":"https:\/\/api.w.org\/{rel}","templated":true}]}}