{"id":3646,"date":"2024-09-20T10:30:21","date_gmt":"2024-09-20T10:30:21","guid":{"rendered":"https:\/\/portal.uab.pt\/umcla\/?p=3646"},"modified":"2024-09-20T10:30:21","modified_gmt":"2024-09-20T10:30:21","slug":"o-lazer-no-portugal-romano-2","status":"publish","type":"post","link":"https:\/\/portal.uab.pt\/uct\/o-lazer-no-portugal-romano-2\/","title":{"rendered":"O Lazer no Portugal Romano"},"content":{"rendered":"<p><img loading=\"lazy\" decoding=\"async\" class=\"size-medium wp-image-3591 aligncenter\" src=\"https:\/\/portal.uab.pt\/umcla\/wp-content\/uploads\/sites\/21\/2024\/08\/Forum-Romano-300x147.png\" alt=\"\" width=\"300\" height=\"147\" srcset=\"https:\/\/portal.uab.pt\/uct\/wp-content\/uploads\/sites\/21\/2024\/08\/Forum-Romano-300x147.png 300w, https:\/\/portal.uab.pt\/uct\/wp-content\/uploads\/sites\/21\/2024\/08\/Forum-Romano.png 700w\" sizes=\"auto, (max-width: 300px) 100vw, 300px\" \/><\/p>\n<p>&nbsp;<\/p>\n<p>Aconteceu no dia 7 de setembro de 2024, o semin\u00e1rio <strong>O Lazer no Portugal Romano<\/strong>.<\/p>\n<p>Esta iniciativa deu in\u00edcio a mais uma edi\u00e7\u00e3o do Forum Romano, que decorreu no Complexo Monumental de Santiago da Guarda, Monumento Nacional que \u00e9 testemunho de diferentes \u00e9pocas, com destaque para a romana.<\/p>\n<p>Este semin\u00e1rio procurou promover a riqueza do patrim\u00f3nio cultural do Complexo Monumental de Santiago da Guarda, destacando a import\u00e2ncia da presen\u00e7a dos romanos neste territ\u00f3rio, tendo em conta os seguintes objetivos:<\/p>\n<ul>\n<li>Compreender a Import\u00e2ncia do lazer na sociedade romana;<\/li>\n<li>Explicar o papel do lazer na vida quotidiana dos cidad\u00e3os romanos, desde as classes altas at\u00e9 \u00e0s mais baixas;<\/li>\n<li>Explorar as principais atividades de lazer;<\/li>\n<li>Identificar e descrever as formas mais populares de entretenimento na Roma Antiga, como os jogos de gladiadores, as corridas de bigas, e os banhos p\u00fablicos;<\/li>\n<li>Estudar a arquitetura e fun\u00e7\u00e3o dos anfiteatros, circos, teatros e termas como espa\u00e7os de lazer.<\/li>\n<\/ul>\n<p>A organiza\u00e7\u00e3o do evento foi da responsabilidade do Munic\u00edpio de Ansi\u00e3o e do Centro Local de Aprendizagem da Universidade Aberta.<\/p>\n<p>&nbsp;<\/p>\n<p><img loading=\"lazy\" decoding=\"async\" class=\"alignnone size-medium wp-image-3645\" src=\"https:\/\/portal.uab.pt\/umcla\/wp-content\/uploads\/sites\/21\/2024\/09\/Sessao-de-Abertura-ed-300x147.png\" alt=\"\" width=\"300\" height=\"147\" srcset=\"https:\/\/portal.uab.pt\/uct\/wp-content\/uploads\/sites\/21\/2024\/09\/Sessao-de-Abertura-ed-300x147.png 300w, https:\/\/portal.uab.pt\/uct\/wp-content\/uploads\/sites\/21\/2024\/09\/Sessao-de-Abertura-ed.png 700w\" sizes=\"auto, (max-width: 300px) 100vw, 300px\" \/> \u00a0\u00a0 <img loading=\"lazy\" decoding=\"async\" class=\"alignnone size-medium wp-image-3644\" src=\"https:\/\/portal.uab.pt\/umcla\/wp-content\/uploads\/sites\/21\/2024\/09\/Organizacao-e-Oradoras-ed-300x147.png\" alt=\"\" width=\"300\" height=\"147\" srcset=\"https:\/\/portal.uab.pt\/uct\/wp-content\/uploads\/sites\/21\/2024\/09\/Organizacao-e-Oradoras-ed-300x147.png 300w, https:\/\/portal.uab.pt\/uct\/wp-content\/uploads\/sites\/21\/2024\/09\/Organizacao-e-Oradoras-ed.png 700w\" sizes=\"auto, (max-width: 300px) 100vw, 300px\" \/> \u00a0\u00a0 <img loading=\"lazy\" decoding=\"async\" class=\"alignnone size-medium wp-image-3643\" src=\"https:\/\/portal.uab.pt\/umcla\/wp-content\/uploads\/sites\/21\/2024\/09\/Demonstracao-gastronomicaed-300x147.png\" alt=\"\" width=\"300\" height=\"147\" srcset=\"https:\/\/portal.uab.pt\/uct\/wp-content\/uploads\/sites\/21\/2024\/09\/Demonstracao-gastronomicaed-300x147.png 300w, https:\/\/portal.uab.pt\/uct\/wp-content\/uploads\/sites\/21\/2024\/09\/Demonstracao-gastronomicaed.png 700w\" sizes=\"auto, (max-width: 300px) 100vw, 300px\" \/> \u00a0\u00a0 <img loading=\"lazy\" decoding=\"async\" class=\"alignnone size-medium wp-image-3642\" src=\"https:\/\/portal.uab.pt\/umcla\/wp-content\/uploads\/sites\/21\/2024\/09\/abertura-do-Forum-Romanoed-300x147.png\" alt=\"\" width=\"300\" height=\"147\" srcset=\"https:\/\/portal.uab.pt\/uct\/wp-content\/uploads\/sites\/21\/2024\/09\/abertura-do-Forum-Romanoed-300x147.png 300w, https:\/\/portal.uab.pt\/uct\/wp-content\/uploads\/sites\/21\/2024\/09\/abertura-do-Forum-Romanoed.png 700w\" sizes=\"auto, (max-width: 300px) 100vw, 300px\" \/><\/p>\n<p>&nbsp;<\/p>\n<p>Nota: Imagens cedidas pelo Munic\u00edpio de Ansi\u00e3o.<\/p>","protected":false},"excerpt":{"rendered":"<p>&nbsp; Aconteceu no dia 7 de setembro de 2024, o semin\u00e1rio O Lazer no Portugal Romano. Esta iniciativa deu in\u00edcio a mais uma edi\u00e7\u00e3o do Forum Romano, que decorreu no Complexo Monumental de Santiago da Guarda, Monumento Nacional que \u00e9 testemunho de diferentes \u00e9pocas, com destaque para a romana. Este semin\u00e1rio procurou promover a riqueza<a class=\"more-link\" href=\"https:\/\/portal.uab.pt\/uct\/o-lazer-no-portugal-romano-2\/\">Ler +<\/a><\/p>\n","protected":false},"author":209,"featured_media":3591,"comment_status":"closed","ping_status":"closed","sticky":false,"template":"","format":"standard","meta":{"footnotes":""},"categories":[8],"tags":[],"class_list":["post-3646","post","type-post","status-publish","format-standard","has-post-thumbnail","hentry","category-arquivo","post-thumb"],"_links":{"self":[{"href":"https:\/\/portal.uab.pt\/uct\/wp-json\/wp\/v2\/posts\/3646","targetHints":{"allow":["GET"]}}],"collection":[{"href":"https:\/\/portal.uab.pt\/uct\/wp-json\/wp\/v2\/posts"}],"about":[{"href":"https:\/\/portal.uab.pt\/uct\/wp-json\/wp\/v2\/types\/post"}],"author":[{"embeddable":true,"href":"https:\/\/portal.uab.pt\/uct\/wp-json\/wp\/v2\/users\/209"}],"replies":[{"embeddable":true,"href":"https:\/\/portal.uab.pt\/uct\/wp-json\/wp\/v2\/comments?post=3646"}],"version-history":[{"count":1,"href":"https:\/\/portal.uab.pt\/uct\/wp-json\/wp\/v2\/posts\/3646\/revisions"}],"predecessor-version":[{"id":3647,"href":"https:\/\/portal.uab.pt\/uct\/wp-json\/wp\/v2\/posts\/3646\/revisions\/3647"}],"wp:featuredmedia":[{"embeddable":true,"href":"https:\/\/portal.uab.pt\/uct\/wp-json\/wp\/v2\/media\/3591"}],"wp:attachment":[{"href":"https:\/\/portal.uab.pt\/uct\/wp-json\/wp\/v2\/media?parent=3646"}],"wp:term":[{"taxonomy":"category","embeddable":true,"href":"https:\/\/portal.uab.pt\/uct\/wp-json\/wp\/v2\/categories?post=3646"},{"taxonomy":"post_tag","embeddable":true,"href":"https:\/\/portal.uab.pt\/uct\/wp-json\/wp\/v2\/tags?post=3646"}],"curies":[{"name":"wp","href":"https:\/\/api.w.org\/{rel}","templated":true}]}}