{"id":3720,"date":"2024-10-04T09:44:57","date_gmt":"2024-10-04T09:44:57","guid":{"rendered":"https:\/\/portal.uab.pt\/umcla\/?p=3720"},"modified":"2024-10-04T09:44:57","modified_gmt":"2024-10-04T09:44:57","slug":"pedagogia-e-etica-com-a-inteligencia-artificial-na-educacao-e-formacao","status":"publish","type":"post","link":"https:\/\/portal.uab.pt\/uct\/pedagogia-e-etica-com-a-inteligencia-artificial-na-educacao-e-formacao\/","title":{"rendered":"Pedagogia e \u00c9tica com a Intelig\u00eancia Artificial na Educa\u00e7\u00e3o e Forma\u00e7\u00e3o"},"content":{"rendered":"<p><img loading=\"lazy\" decoding=\"async\" class=\"size-medium wp-image-3597 aligncenter\" src=\"https:\/\/portal.uab.pt\/umcla\/wp-content\/uploads\/sites\/21\/2024\/08\/Pedagogia-e-etica-com-IA-ed-300x147.png\" alt=\"\" width=\"300\" height=\"147\" srcset=\"https:\/\/portal.uab.pt\/uct\/wp-content\/uploads\/sites\/21\/2024\/08\/Pedagogia-e-etica-com-IA-ed-300x147.png 300w, https:\/\/portal.uab.pt\/uct\/wp-content\/uploads\/sites\/21\/2024\/08\/Pedagogia-e-etica-com-IA-ed.png 700w\" sizes=\"auto, (max-width: 300px) 100vw, 300px\" \/><\/p>\n<p>&nbsp;<\/p>\n<p>Aconteceu no dia 18 de setembro de 2024, o Webinar <strong>Pedagogia e \u00c9tica com a Intelig\u00eancia Artificial na Educa\u00e7\u00e3o e Forma\u00e7\u00e3o<\/strong>.<\/p>\n<p>Nesta sess\u00e3o pretendeu-se perceber quais as implica\u00e7\u00f5es \u00e9ticas e pedag\u00f3gicas da utiliza\u00e7\u00e3o da IA na educa\u00e7\u00e3o e forma\u00e7\u00e3o e de que forma pode a pedagogia ser ajustada para maximizar os benef\u00edcios e superar os desafios apresentados pela intelig\u00eancia artificial. Que princ\u00edpios \u00e9ticos devem ser salvaguardados quando se utiliza a IA nos contextos educativo e formativo?<\/p>\n<p>O webinar, enquanto promotor da literacia digital, integrou o SMAL_2024, Setembro M\u00eas da Alfabetiza\u00e7\u00e3o e das Literacias_2024, uma iniciativa da APEFA &#8211; Associa\u00e7\u00e3o Portuguesa de Educa\u00e7\u00e3o e Forma\u00e7\u00e3o de Adultos.<\/p>\n<p>A organiza\u00e7\u00e3o do evento esteve a cargo dos Centros Locais de Aprendizagem da Universidade Aberta em Ansi\u00e3o e Cantanhede, em parceria com o Centro Nacional de Qualifica\u00e7\u00e3o de Formadores (CNQF) \/ IEFP, I.P.<\/p>\n<p>O evento contou com 634 participantes e encontra-se dispon\u00edvel em: <a href=\"https:\/\/www.youtube.com\/watch?v=ALjJHT59G5Q\">https:\/\/www.youtube.com\/watch?v=ALjJHT59G5Q<\/a><\/p>\n<p>&nbsp;<\/p>\n<p><img loading=\"lazy\" decoding=\"async\" class=\"alignnone size-medium wp-image-3717\" src=\"https:\/\/portal.uab.pt\/umcla\/wp-content\/uploads\/sites\/21\/2024\/10\/Antonio_Figueiredo_ed-300x147.png\" alt=\"\" width=\"300\" height=\"147\" srcset=\"https:\/\/portal.uab.pt\/uct\/wp-content\/uploads\/sites\/21\/2024\/10\/Antonio_Figueiredo_ed-300x147.png 300w, https:\/\/portal.uab.pt\/uct\/wp-content\/uploads\/sites\/21\/2024\/10\/Antonio_Figueiredo_ed.png 700w\" sizes=\"auto, (max-width: 300px) 100vw, 300px\" \/> \u00a0\u00a0 <img loading=\"lazy\" decoding=\"async\" class=\"alignnone size-medium wp-image-3719\" src=\"https:\/\/portal.uab.pt\/umcla\/wp-content\/uploads\/sites\/21\/2024\/10\/David_Costa_ed-300x147.png\" alt=\"\" width=\"300\" height=\"147\" srcset=\"https:\/\/portal.uab.pt\/uct\/wp-content\/uploads\/sites\/21\/2024\/10\/David_Costa_ed-300x147.png 300w, https:\/\/portal.uab.pt\/uct\/wp-content\/uploads\/sites\/21\/2024\/10\/David_Costa_ed.png 700w\" sizes=\"auto, (max-width: 300px) 100vw, 300px\" \/> \u00a0\u00a0 <img loading=\"lazy\" decoding=\"async\" class=\"alignnone size-medium wp-image-3718\" src=\"https:\/\/portal.uab.pt\/umcla\/wp-content\/uploads\/sites\/21\/2024\/10\/comissao-organizadoraoradores_ed-300x147.png\" alt=\"\" width=\"300\" height=\"147\" srcset=\"https:\/\/portal.uab.pt\/uct\/wp-content\/uploads\/sites\/21\/2024\/10\/comissao-organizadoraoradores_ed-300x147.png 300w, https:\/\/portal.uab.pt\/uct\/wp-content\/uploads\/sites\/21\/2024\/10\/comissao-organizadoraoradores_ed.png 700w\" sizes=\"auto, (max-width: 300px) 100vw, 300px\" \/><\/p>","protected":false},"excerpt":{"rendered":"<p>&nbsp; Aconteceu no dia 18 de setembro de 2024, o Webinar Pedagogia e \u00c9tica com a Intelig\u00eancia Artificial na Educa\u00e7\u00e3o e Forma\u00e7\u00e3o. Nesta sess\u00e3o pretendeu-se perceber quais as implica\u00e7\u00f5es \u00e9ticas e pedag\u00f3gicas da utiliza\u00e7\u00e3o da IA na educa\u00e7\u00e3o e forma\u00e7\u00e3o e de que forma pode a pedagogia ser ajustada para maximizar os benef\u00edcios e superar<a class=\"more-link\" href=\"https:\/\/portal.uab.pt\/uct\/pedagogia-e-etica-com-a-inteligencia-artificial-na-educacao-e-formacao\/\">Ler +<\/a><\/p>\n","protected":false},"author":209,"featured_media":3597,"comment_status":"closed","ping_status":"closed","sticky":false,"template":"","format":"standard","meta":{"footnotes":""},"categories":[8],"tags":[],"class_list":["post-3720","post","type-post","status-publish","format-standard","has-post-thumbnail","hentry","category-arquivo","post-thumb"],"_links":{"self":[{"href":"https:\/\/portal.uab.pt\/uct\/wp-json\/wp\/v2\/posts\/3720","targetHints":{"allow":["GET"]}}],"collection":[{"href":"https:\/\/portal.uab.pt\/uct\/wp-json\/wp\/v2\/posts"}],"about":[{"href":"https:\/\/portal.uab.pt\/uct\/wp-json\/wp\/v2\/types\/post"}],"author":[{"embeddable":true,"href":"https:\/\/portal.uab.pt\/uct\/wp-json\/wp\/v2\/users\/209"}],"replies":[{"embeddable":true,"href":"https:\/\/portal.uab.pt\/uct\/wp-json\/wp\/v2\/comments?post=3720"}],"version-history":[{"count":1,"href":"https:\/\/portal.uab.pt\/uct\/wp-json\/wp\/v2\/posts\/3720\/revisions"}],"predecessor-version":[{"id":3721,"href":"https:\/\/portal.uab.pt\/uct\/wp-json\/wp\/v2\/posts\/3720\/revisions\/3721"}],"wp:featuredmedia":[{"embeddable":true,"href":"https:\/\/portal.uab.pt\/uct\/wp-json\/wp\/v2\/media\/3597"}],"wp:attachment":[{"href":"https:\/\/portal.uab.pt\/uct\/wp-json\/wp\/v2\/media?parent=3720"}],"wp:term":[{"taxonomy":"category","embeddable":true,"href":"https:\/\/portal.uab.pt\/uct\/wp-json\/wp\/v2\/categories?post=3720"},{"taxonomy":"post_tag","embeddable":true,"href":"https:\/\/portal.uab.pt\/uct\/wp-json\/wp\/v2\/tags?post=3720"}],"curies":[{"name":"wp","href":"https:\/\/api.w.org\/{rel}","templated":true}]}}