{"id":3864,"date":"2024-11-28T15:25:27","date_gmt":"2024-11-28T15:25:27","guid":{"rendered":"https:\/\/portal.uab.pt\/umcla\/?p=3864"},"modified":"2024-11-28T15:25:27","modified_gmt":"2024-11-28T15:25:27","slug":"dia-internacional-pela-eliminacao-da-violencia-contras-as-mulheres-2","status":"publish","type":"post","link":"https:\/\/portal.uab.pt\/uct\/dia-internacional-pela-eliminacao-da-violencia-contras-as-mulheres-2\/","title":{"rendered":"Dia Internacional pela Elimina\u00e7\u00e3o da Viol\u00eancia contras as Mulheres"},"content":{"rendered":"<p><img loading=\"lazy\" decoding=\"async\" class=\"size-medium wp-image-3828 aligncenter\" src=\"https:\/\/portal.uab.pt\/umcla\/wp-content\/uploads\/sites\/21\/2024\/11\/Hoje-nao-ed-300x147.png\" alt=\"\" width=\"300\" height=\"147\" srcset=\"https:\/\/portal.uab.pt\/uct\/wp-content\/uploads\/sites\/21\/2024\/11\/Hoje-nao-ed-300x147.png 300w, https:\/\/portal.uab.pt\/uct\/wp-content\/uploads\/sites\/21\/2024\/11\/Hoje-nao-ed.png 700w\" sizes=\"auto, (max-width: 300px) 100vw, 300px\" \/><\/p>\n<p>&nbsp;<\/p>\n<p>No dia 25 de novembro assinalou-se o <strong>Dia <\/strong><strong>Internacional pela Elimina\u00e7\u00e3o da Viol\u00eancia contras as Mulheres<\/strong>, data institu\u00edda pela Resolu\u00e7\u00e3o 52\/134 da Organiza\u00e7\u00e3o das Na\u00e7\u00f5es Unidas, com o objetivo de conscientizar a sociedade sobre a import\u00e2ncia de combater todas as formas de viol\u00eancia de g\u00e9nero e refor\u00e7ar o compromisso global com a igualdade e os direitos humanos.<\/p>\n<p>Neste sentido, a Universidade Aberta atrav\u00e9s do seu Centro Local de Aprendizagem em Gr\u00e2ndola n\u00e3o poderia ficar indiferente e juntou-se ao Munic\u00edpio de Gr\u00e2ndola. Assim, no dia 25 de novembro das 9h30 \u00e0s 13h00 decorreu a A\u00e7\u00e3o de Rua, que consistiu na distribui\u00e7\u00e3o de materiais informativos a cidad\u00e3os e nos estabelecimentos comerciais do concelho.<\/p>\n<p>Entre as 14h30 e as 17h00, decorreu no Cinegranadeiro, a simula\u00e7\u00e3o de um julgamento \u201cHoje, n\u00e3o\u201d, projeto<strong>\u00a0<\/strong>da Associa\u00e7\u00e3o Portuguesa de Mulheres Juristas, contando com a presen\u00e7a de mais de 120 jovens e alguns seniores. Esta a\u00e7\u00e3o consistiu numa simula\u00e7\u00e3o de um julgamento, que<strong>\u00a0<\/strong>abordou os mitos e as realidades da viola\u00e7\u00e3o, procurando responder, numa din\u00e2mica participada por alunos\/as e professores, a muitas quest\u00f5es que se colocam em situa\u00e7\u00f5es desta natureza.<\/p>\n<p>As presentes iniciativas foram realizadas no \u00e2mbito do Objetivo de Desenvolvimento Sustent\u00e1vel (ODS) n.\u00ba 5\u2013 Igualdade de G\u00e9nero.<\/p>\n<p>&nbsp;<\/p>\n<p><img loading=\"lazy\" decoding=\"async\" class=\"size-medium wp-image-3862 aligncenter\" src=\"https:\/\/portal.uab.pt\/umcla\/wp-content\/uploads\/sites\/21\/2024\/11\/Palestra-ed-300x147.png\" alt=\"\" width=\"300\" height=\"147\" srcset=\"https:\/\/portal.uab.pt\/uct\/wp-content\/uploads\/sites\/21\/2024\/11\/Palestra-ed-300x147.png 300w, https:\/\/portal.uab.pt\/uct\/wp-content\/uploads\/sites\/21\/2024\/11\/Palestra-ed.png 700w\" sizes=\"auto, (max-width: 300px) 100vw, 300px\" \/> \u00a0\u00a0 <img loading=\"lazy\" decoding=\"async\" class=\"size-medium wp-image-3863 aligncenter\" src=\"https:\/\/portal.uab.pt\/umcla\/wp-content\/uploads\/sites\/21\/2024\/11\/Stand-ed-300x147.png\" alt=\"\" width=\"300\" height=\"147\" srcset=\"https:\/\/portal.uab.pt\/uct\/wp-content\/uploads\/sites\/21\/2024\/11\/Stand-ed-300x147.png 300w, https:\/\/portal.uab.pt\/uct\/wp-content\/uploads\/sites\/21\/2024\/11\/Stand-ed.png 700w\" sizes=\"auto, (max-width: 300px) 100vw, 300px\" \/><\/p>","protected":false},"excerpt":{"rendered":"<p>&nbsp; No dia 25 de novembro assinalou-se o Dia Internacional pela Elimina\u00e7\u00e3o da Viol\u00eancia contras as Mulheres, data institu\u00edda pela Resolu\u00e7\u00e3o 52\/134 da Organiza\u00e7\u00e3o das Na\u00e7\u00f5es Unidas, com o objetivo de conscientizar a sociedade sobre a import\u00e2ncia de combater todas as formas de viol\u00eancia de g\u00e9nero e refor\u00e7ar o compromisso global com a igualdade e<a class=\"more-link\" href=\"https:\/\/portal.uab.pt\/uct\/dia-internacional-pela-eliminacao-da-violencia-contras-as-mulheres-2\/\">Ler +<\/a><\/p>\n","protected":false},"author":209,"featured_media":3828,"comment_status":"closed","ping_status":"closed","sticky":false,"template":"","format":"standard","meta":{"footnotes":""},"categories":[8],"tags":[],"class_list":["post-3864","post","type-post","status-publish","format-standard","has-post-thumbnail","hentry","category-arquivo","post-thumb"],"_links":{"self":[{"href":"https:\/\/portal.uab.pt\/uct\/wp-json\/wp\/v2\/posts\/3864","targetHints":{"allow":["GET"]}}],"collection":[{"href":"https:\/\/portal.uab.pt\/uct\/wp-json\/wp\/v2\/posts"}],"about":[{"href":"https:\/\/portal.uab.pt\/uct\/wp-json\/wp\/v2\/types\/post"}],"author":[{"embeddable":true,"href":"https:\/\/portal.uab.pt\/uct\/wp-json\/wp\/v2\/users\/209"}],"replies":[{"embeddable":true,"href":"https:\/\/portal.uab.pt\/uct\/wp-json\/wp\/v2\/comments?post=3864"}],"version-history":[{"count":1,"href":"https:\/\/portal.uab.pt\/uct\/wp-json\/wp\/v2\/posts\/3864\/revisions"}],"predecessor-version":[{"id":3865,"href":"https:\/\/portal.uab.pt\/uct\/wp-json\/wp\/v2\/posts\/3864\/revisions\/3865"}],"wp:featuredmedia":[{"embeddable":true,"href":"https:\/\/portal.uab.pt\/uct\/wp-json\/wp\/v2\/media\/3828"}],"wp:attachment":[{"href":"https:\/\/portal.uab.pt\/uct\/wp-json\/wp\/v2\/media?parent=3864"}],"wp:term":[{"taxonomy":"category","embeddable":true,"href":"https:\/\/portal.uab.pt\/uct\/wp-json\/wp\/v2\/categories?post=3864"},{"taxonomy":"post_tag","embeddable":true,"href":"https:\/\/portal.uab.pt\/uct\/wp-json\/wp\/v2\/tags?post=3864"}],"curies":[{"name":"wp","href":"https:\/\/api.w.org\/{rel}","templated":true}]}}