{"id":3902,"date":"2024-12-12T14:45:30","date_gmt":"2024-12-12T14:45:30","guid":{"rendered":"https:\/\/portal.uab.pt\/umcla\/?p=3902"},"modified":"2024-12-12T14:45:30","modified_gmt":"2024-12-12T14:45:30","slug":"skills-portugal-norte-2024","status":"publish","type":"post","link":"https:\/\/portal.uab.pt\/uct\/skills-portugal-norte-2024\/","title":{"rendered":"Skills Portugal Norte 2024"},"content":{"rendered":"<p><img loading=\"lazy\" decoding=\"async\" class=\"size-medium wp-image-3898 aligncenter\" src=\"https:\/\/portal.uab.pt\/umcla\/wp-content\/uploads\/sites\/21\/2024\/12\/Cartaz-300x147.png\" alt=\"\" width=\"300\" height=\"147\" srcset=\"https:\/\/portal.uab.pt\/uct\/wp-content\/uploads\/sites\/21\/2024\/12\/Cartaz-300x147.png 300w, https:\/\/portal.uab.pt\/uct\/wp-content\/uploads\/sites\/21\/2024\/12\/Cartaz.png 700w\" sizes=\"auto, (max-width: 300px) 100vw, 300px\" \/><\/p>\n<p>&nbsp;<\/p>\n<p>Decorreu nos dias 12 a 16 de novembro de 2024 o <strong>Campeonato Nacional das Profiss\u00f5es \u2013 Skills Portugal Norte 2024<\/strong>. O 46.\u00ba Campeonato teve lugar no Europarque de Santa Maria da Feira, tendo como principal objetivo sensibilizar jovens, fam\u00edlias, empresas e outras entidades empregadoras, e cidad\u00e3os em geral para a import\u00e2ncia da qualifica\u00e7\u00e3o profissional de excel\u00eancia como altamente promotora da empregabilidade e como for\u00e7a motora de produtividade e do crescimento econ\u00f3mico.<\/p>\n<p>A Universidade Aberta foi uma das Entidades de Ensino Superior que esteve presente no evento pela sua oferta formativa, quer em cursos conferente a grau, quer pela sua oferta na \u00e1rea da forma\u00e7\u00e3o profissional.<\/p>\n<p>&nbsp;<\/p>\n<p><img loading=\"lazy\" decoding=\"async\" class=\"alignnone size-medium wp-image-3899\" src=\"https:\/\/portal.uab.pt\/umcla\/wp-content\/uploads\/sites\/21\/2024\/12\/Espaco-300x147.png\" alt=\"\" width=\"300\" height=\"147\" srcset=\"https:\/\/portal.uab.pt\/uct\/wp-content\/uploads\/sites\/21\/2024\/12\/Espaco-300x147.png 300w, https:\/\/portal.uab.pt\/uct\/wp-content\/uploads\/sites\/21\/2024\/12\/Espaco.png 700w\" sizes=\"auto, (max-width: 300px) 100vw, 300px\" \/> \u00a0\u00a0 <img loading=\"lazy\" decoding=\"async\" class=\"alignnone size-medium wp-image-3900\" src=\"https:\/\/portal.uab.pt\/umcla\/wp-content\/uploads\/sites\/21\/2024\/12\/Espaco2-300x147.png\" alt=\"\" width=\"300\" height=\"147\" srcset=\"https:\/\/portal.uab.pt\/uct\/wp-content\/uploads\/sites\/21\/2024\/12\/Espaco2-300x147.png 300w, https:\/\/portal.uab.pt\/uct\/wp-content\/uploads\/sites\/21\/2024\/12\/Espaco2.png 700w\" sizes=\"auto, (max-width: 300px) 100vw, 300px\" \/> \u00a0\u00a0 <img loading=\"lazy\" decoding=\"async\" class=\"alignnone size-medium wp-image-3901\" src=\"https:\/\/portal.uab.pt\/umcla\/wp-content\/uploads\/sites\/21\/2024\/12\/stand-300x147.png\" alt=\"\" width=\"300\" height=\"147\" srcset=\"https:\/\/portal.uab.pt\/uct\/wp-content\/uploads\/sites\/21\/2024\/12\/stand-300x147.png 300w, https:\/\/portal.uab.pt\/uct\/wp-content\/uploads\/sites\/21\/2024\/12\/stand.png 700w\" sizes=\"auto, (max-width: 300px) 100vw, 300px\" \/><\/p>","protected":false},"excerpt":{"rendered":"<p>&nbsp; Decorreu nos dias 12 a 16 de novembro de 2024 o Campeonato Nacional das Profiss\u00f5es \u2013 Skills Portugal Norte 2024. O 46.\u00ba Campeonato teve lugar no Europarque de Santa Maria da Feira, tendo como principal objetivo sensibilizar jovens, fam\u00edlias, empresas e outras entidades empregadoras, e cidad\u00e3os em geral para a import\u00e2ncia da qualifica\u00e7\u00e3o profissional<a class=\"more-link\" href=\"https:\/\/portal.uab.pt\/uct\/skills-portugal-norte-2024\/\">Ler +<\/a><\/p>\n","protected":false},"author":209,"featured_media":3898,"comment_status":"closed","ping_status":"closed","sticky":false,"template":"","format":"standard","meta":{"footnotes":""},"categories":[8],"tags":[],"class_list":["post-3902","post","type-post","status-publish","format-standard","has-post-thumbnail","hentry","category-arquivo","post-thumb"],"_links":{"self":[{"href":"https:\/\/portal.uab.pt\/uct\/wp-json\/wp\/v2\/posts\/3902","targetHints":{"allow":["GET"]}}],"collection":[{"href":"https:\/\/portal.uab.pt\/uct\/wp-json\/wp\/v2\/posts"}],"about":[{"href":"https:\/\/portal.uab.pt\/uct\/wp-json\/wp\/v2\/types\/post"}],"author":[{"embeddable":true,"href":"https:\/\/portal.uab.pt\/uct\/wp-json\/wp\/v2\/users\/209"}],"replies":[{"embeddable":true,"href":"https:\/\/portal.uab.pt\/uct\/wp-json\/wp\/v2\/comments?post=3902"}],"version-history":[{"count":1,"href":"https:\/\/portal.uab.pt\/uct\/wp-json\/wp\/v2\/posts\/3902\/revisions"}],"predecessor-version":[{"id":3903,"href":"https:\/\/portal.uab.pt\/uct\/wp-json\/wp\/v2\/posts\/3902\/revisions\/3903"}],"wp:featuredmedia":[{"embeddable":true,"href":"https:\/\/portal.uab.pt\/uct\/wp-json\/wp\/v2\/media\/3898"}],"wp:attachment":[{"href":"https:\/\/portal.uab.pt\/uct\/wp-json\/wp\/v2\/media?parent=3902"}],"wp:term":[{"taxonomy":"category","embeddable":true,"href":"https:\/\/portal.uab.pt\/uct\/wp-json\/wp\/v2\/categories?post=3902"},{"taxonomy":"post_tag","embeddable":true,"href":"https:\/\/portal.uab.pt\/uct\/wp-json\/wp\/v2\/tags?post=3902"}],"curies":[{"name":"wp","href":"https:\/\/api.w.org\/{rel}","templated":true}]}}