{"id":3974,"date":"2025-01-15T11:18:15","date_gmt":"2025-01-15T11:18:15","guid":{"rendered":"https:\/\/portal.uab.pt\/umcla\/?p=3974"},"modified":"2025-01-15T11:18:15","modified_gmt":"2025-01-15T11:18:15","slug":"49a-sessao-do-clube-de-leitura-do-sabugal-2","status":"publish","type":"post","link":"https:\/\/portal.uab.pt\/uct\/49a-sessao-do-clube-de-leitura-do-sabugal-2\/","title":{"rendered":"49\u00aa Sess\u00e3o do Clube de Leitura do Sabugal"},"content":{"rendered":"<p><img loading=\"lazy\" decoding=\"async\" class=\"size-medium wp-image-3927 aligncenter\" src=\"https:\/\/portal.uab.pt\/umcla\/wp-content\/uploads\/sites\/21\/2025\/01\/CARTAZ-49-Clube-Leitura-ed-300x147.png\" alt=\"\" width=\"300\" height=\"147\" srcset=\"https:\/\/portal.uab.pt\/uct\/wp-content\/uploads\/sites\/21\/2025\/01\/CARTAZ-49-Clube-Leitura-ed-300x147.png 300w, https:\/\/portal.uab.pt\/uct\/wp-content\/uploads\/sites\/21\/2025\/01\/CARTAZ-49-Clube-Leitura-ed.png 700w\" sizes=\"auto, (max-width: 300px) 100vw, 300px\" \/><\/p>\n<p>&nbsp;<\/p>\n<p>Teve lugar, no dia 13 de janeiro de 2025, a <strong>49\u00aa sess\u00e3o do Clube de Leitura do Sabugal<\/strong>, promovida pelo Centro Local de Aprendizagem (CLA) da Universidade Aberta e pelo Munic\u00edpio do Sabugal.<\/p>\n<p>Este encontro foi dinamizado por Lib\u00e2nia Ricardo Ramos, natural da Urgueira, localidade da freguesia de Aldeia de Santo Ant\u00f3nio, concelho do Sabugal, que integrou o Clube de Leitura no ano letivo corrente. A convidada apresentou alguns textos da sua autoria, escritos ao longo dos anos, nos quais relata epis\u00f3dios aleat\u00f3rios e diversos da sua vida, desde a sua mocidade at\u00e9 aos dias de hoje. Essas narrativas, que segunda a pr\u00f3pria s\u00e3o textos escritos de forma despojada e singela, representam mem\u00f3rias e reflex\u00f5es sobre a vida. A autora leu trechos evocativos do casamento dos pais, em 1944, da celebra\u00e7\u00e3o dos 90 anos da m\u00e3e, da chegada do irm\u00e3o mais velho da Guerra do Ultramar, e partilhou reflex\u00f5es sobre o despovoamento das aldeias, a necessidade de institucionalizar os familiares mais idosos em lares, ou ainda sobre o papel das m\u00e3es e das mulheres na sociedade.<\/p>\n<p>Apesar de se tratar, na sua maioria, de epis\u00f3dios da vida particular de Lib\u00e2nia Ricardo Ramos, os temas e as viv\u00eancias evocados revelaram-se de tal forma comuns e gen\u00e9ricos que todos os demais participantes da sess\u00e3o se puderam identificar com as narrativas, o que estimulou o di\u00e1logo, a conversa e a partilha de reflex\u00f5es coletivas e individuais sobre as quest\u00f5es abordadas.<\/p>\n<p>Estiveram presentes nesta sess\u00e3o 15 participantes.<\/p>\n<p>&nbsp;<\/p>\n<p><img loading=\"lazy\" decoding=\"async\" class=\"alignnone size-medium wp-image-3971\" src=\"https:\/\/portal.uab.pt\/umcla\/wp-content\/uploads\/sites\/21\/2025\/01\/Libania-Ricardo-Ramos-ed-300x147.png\" alt=\"\" width=\"300\" height=\"147\" srcset=\"https:\/\/portal.uab.pt\/uct\/wp-content\/uploads\/sites\/21\/2025\/01\/Libania-Ricardo-Ramos-ed-300x147.png 300w, https:\/\/portal.uab.pt\/uct\/wp-content\/uploads\/sites\/21\/2025\/01\/Libania-Ricardo-Ramos-ed.png 700w\" sizes=\"auto, (max-width: 300px) 100vw, 300px\" \/> \u00a0\u00a0 <img loading=\"lazy\" decoding=\"async\" class=\"alignnone size-medium wp-image-3973\" src=\"https:\/\/portal.uab.pt\/umcla\/wp-content\/uploads\/sites\/21\/2025\/01\/Sessao-de-Abertura-ed-1-300x147.png\" alt=\"\" width=\"300\" height=\"147\" srcset=\"https:\/\/portal.uab.pt\/uct\/wp-content\/uploads\/sites\/21\/2025\/01\/Sessao-de-Abertura-ed-1-300x147.png 300w, https:\/\/portal.uab.pt\/uct\/wp-content\/uploads\/sites\/21\/2025\/01\/Sessao-de-Abertura-ed-1.png 700w\" sizes=\"auto, (max-width: 300px) 100vw, 300px\" \/> \u00a0\u00a0 <img loading=\"lazy\" decoding=\"async\" class=\"alignnone size-medium wp-image-3972\" src=\"https:\/\/portal.uab.pt\/umcla\/wp-content\/uploads\/sites\/21\/2025\/01\/Publico-ed-300x147.png\" alt=\"\" width=\"300\" height=\"147\" srcset=\"https:\/\/portal.uab.pt\/uct\/wp-content\/uploads\/sites\/21\/2025\/01\/Publico-ed-300x147.png 300w, https:\/\/portal.uab.pt\/uct\/wp-content\/uploads\/sites\/21\/2025\/01\/Publico-ed.png 700w\" sizes=\"auto, (max-width: 300px) 100vw, 300px\" \/><\/p>","protected":false},"excerpt":{"rendered":"<p>&nbsp; Teve lugar, no dia 13 de janeiro de 2025, a 49\u00aa sess\u00e3o do Clube de Leitura do Sabugal, promovida pelo Centro Local de Aprendizagem (CLA) da Universidade Aberta e pelo Munic\u00edpio do Sabugal. Este encontro foi dinamizado por Lib\u00e2nia Ricardo Ramos, natural da Urgueira, localidade da freguesia de Aldeia de Santo Ant\u00f3nio, concelho do<a class=\"more-link\" href=\"https:\/\/portal.uab.pt\/uct\/49a-sessao-do-clube-de-leitura-do-sabugal-2\/\">Ler +<\/a><\/p>\n","protected":false},"author":209,"featured_media":3927,"comment_status":"closed","ping_status":"closed","sticky":false,"template":"","format":"standard","meta":{"footnotes":""},"categories":[8],"tags":[],"class_list":["post-3974","post","type-post","status-publish","format-standard","has-post-thumbnail","hentry","category-arquivo","post-thumb"],"_links":{"self":[{"href":"https:\/\/portal.uab.pt\/uct\/wp-json\/wp\/v2\/posts\/3974","targetHints":{"allow":["GET"]}}],"collection":[{"href":"https:\/\/portal.uab.pt\/uct\/wp-json\/wp\/v2\/posts"}],"about":[{"href":"https:\/\/portal.uab.pt\/uct\/wp-json\/wp\/v2\/types\/post"}],"author":[{"embeddable":true,"href":"https:\/\/portal.uab.pt\/uct\/wp-json\/wp\/v2\/users\/209"}],"replies":[{"embeddable":true,"href":"https:\/\/portal.uab.pt\/uct\/wp-json\/wp\/v2\/comments?post=3974"}],"version-history":[{"count":1,"href":"https:\/\/portal.uab.pt\/uct\/wp-json\/wp\/v2\/posts\/3974\/revisions"}],"predecessor-version":[{"id":3975,"href":"https:\/\/portal.uab.pt\/uct\/wp-json\/wp\/v2\/posts\/3974\/revisions\/3975"}],"wp:featuredmedia":[{"embeddable":true,"href":"https:\/\/portal.uab.pt\/uct\/wp-json\/wp\/v2\/media\/3927"}],"wp:attachment":[{"href":"https:\/\/portal.uab.pt\/uct\/wp-json\/wp\/v2\/media?parent=3974"}],"wp:term":[{"taxonomy":"category","embeddable":true,"href":"https:\/\/portal.uab.pt\/uct\/wp-json\/wp\/v2\/categories?post=3974"},{"taxonomy":"post_tag","embeddable":true,"href":"https:\/\/portal.uab.pt\/uct\/wp-json\/wp\/v2\/tags?post=3974"}],"curies":[{"name":"wp","href":"https:\/\/api.w.org\/{rel}","templated":true}]}}