{"id":4074,"date":"2025-02-26T16:06:05","date_gmt":"2025-02-26T16:06:05","guid":{"rendered":"https:\/\/portal.uab.pt\/umcla\/?p=4074"},"modified":"2025-02-27T10:13:58","modified_gmt":"2025-02-27T10:13:58","slug":"50a-sessao-do-clube-de-leitura-do-sabugal-2","status":"publish","type":"post","link":"https:\/\/portal.uab.pt\/uct\/50a-sessao-do-clube-de-leitura-do-sabugal-2\/","title":{"rendered":"50\u00aa Sess\u00e3o do Clube de Leitura do Sabugal"},"content":{"rendered":"<p><img loading=\"lazy\" decoding=\"async\" class=\"size-medium wp-image-3979 aligncenter\" src=\"https:\/\/portal.uab.pt\/umcla\/wp-content\/uploads\/sites\/21\/2025\/01\/Cartaz-50-Clube-de-Leitura-Sabugal-ed-300x147.png\" alt=\"\" width=\"300\" height=\"147\" srcset=\"https:\/\/portal.uab.pt\/uct\/wp-content\/uploads\/sites\/21\/2025\/01\/Cartaz-50-Clube-de-Leitura-Sabugal-ed-300x147.png 300w, https:\/\/portal.uab.pt\/uct\/wp-content\/uploads\/sites\/21\/2025\/01\/Cartaz-50-Clube-de-Leitura-Sabugal-ed.png 700w\" sizes=\"auto, (max-width: 300px) 100vw, 300px\" \/><\/p>\n<p>&nbsp;<\/p>\n<p>No passado dia 24 de fevereiro de 2025, assinalou-se a <strong>50\u00aa sess\u00e3o do Clube de Leitura do Sabugal<\/strong> com um encontro especial, que procurou celebrar e relembrar a trajet\u00f3ria de um projeto iniciado em 2018 e que, desde ent\u00e3o, se tem vindo a afirmar e a consolidar de ano para ano.<\/p>\n<p><em>\u00a0<\/em>Na ocasi\u00e3o, a Biblioteca Municipal do Sabugal preparou um programa diferente do habitual. A sess\u00e3o de abertura esteve a cargo da organiza\u00e7\u00e3o do Clube de Leitura e contou com a presen\u00e7a do Presidente da C\u00e2mara Municipal do Sabugal, V\u00edtor Proen\u00e7a, da Vice-Presidente, S\u00edlvia Nabais, e do Vereador Amadeu Neves. O encontro reuniu mais de 40 pessoas. Para al\u00e9m dos habituais membros do Clube de Leitura e de mais alguns participantes externos, a Biblioteca recebeu diversos convidados que dinamizaram sess\u00f5es do Clube de Leitura, desde a sua g\u00e9nese at\u00e9 ao presente, residentes nos concelhos do Sabugal, Guarda, M\u00eada, Castro Daire e Lisboa.<\/p>\n<p>Ap\u00f3s um momento musical presenteado por Carlos Proen\u00e7a, coordenador da Biblioteca Municipal da M\u00eada, leram-se poemas em homenagem \u00e0 escritora, poetisa, jornalista e ativista Maria Teresa Horta, falecida no in\u00edcio do m\u00eas. De seguida, foi exibido um filme que apresentou uma retrospetiva de todas as sess\u00f5es do Clube de Leitura e da sua evolu\u00e7\u00e3o ao longo dos anos. Os participantes habituais leram hist\u00f3rias de vida, especialmente produzidas para a ocasi\u00e3o, e recordaram viv\u00eancias da sua mocidade no concelho do Sabugal. Por fim, solicitou-se a todos os participantes a reda\u00e7\u00e3o, em cart\u00e3o pr\u00f3prio, de uma mensagem para o Clube de Leitura e realizou-se o sorteio de um livro. Encerrou-se o encontro com um bolo comemorativo das 50 sess\u00f5es e com um momento de confraterniza\u00e7\u00e3o.<\/p>\n<p>O Clube de Leitura do Sabugal \u00e9 sin\u00f3nimo de cultura e de conhecimento, sendo tamb\u00e9m um meio de promo\u00e7\u00e3o de autores locais e de valoriza\u00e7\u00e3o do territ\u00f3rio local. Mas ao longo dos anos, tem-se revelado muito mais do que isso: representa, essencialmente, uma forma de conv\u00edvio e de confraterniza\u00e7\u00e3o, de combate ao isolamento social e de est\u00edmulo ao envelhecimento ativo e saud\u00e1vel.<\/p>\n<p>&nbsp;<\/p>\n<p><img loading=\"lazy\" decoding=\"async\" class=\"alignnone size-medium wp-image-4070\" src=\"https:\/\/portal.uab.pt\/umcla\/wp-content\/uploads\/sites\/21\/2025\/02\/Amalia-e-grupo1ed-300x147.png\" alt=\"\" width=\"300\" height=\"147\" srcset=\"https:\/\/portal.uab.pt\/uct\/wp-content\/uploads\/sites\/21\/2025\/02\/Amalia-e-grupo1ed-300x147.png 300w, https:\/\/portal.uab.pt\/uct\/wp-content\/uploads\/sites\/21\/2025\/02\/Amalia-e-grupo1ed.png 700w\" sizes=\"auto, (max-width: 300px) 100vw, 300px\" \/> \u00a0\u00a0 <img loading=\"lazy\" decoding=\"async\" class=\"alignnone size-medium wp-image-4073\" src=\"https:\/\/portal.uab.pt\/umcla\/wp-content\/uploads\/sites\/21\/2025\/02\/Grupoed-300x147.png\" alt=\"\" width=\"300\" height=\"147\" srcset=\"https:\/\/portal.uab.pt\/uct\/wp-content\/uploads\/sites\/21\/2025\/02\/Grupoed-300x147.png 300w, https:\/\/portal.uab.pt\/uct\/wp-content\/uploads\/sites\/21\/2025\/02\/Grupoed.png 700w\" sizes=\"auto, (max-width: 300px) 100vw, 300px\" \/> \u00a0\u00a0 <img loading=\"lazy\" decoding=\"async\" class=\"alignnone size-medium wp-image-4071\" src=\"https:\/\/portal.uab.pt\/umcla\/wp-content\/uploads\/sites\/21\/2025\/02\/Amalia-e-grupo2ed-300x147.png\" alt=\"\" width=\"300\" height=\"147\" srcset=\"https:\/\/portal.uab.pt\/uct\/wp-content\/uploads\/sites\/21\/2025\/02\/Amalia-e-grupo2ed-300x147.png 300w, https:\/\/portal.uab.pt\/uct\/wp-content\/uploads\/sites\/21\/2025\/02\/Amalia-e-grupo2ed.png 700w\" sizes=\"auto, (max-width: 300px) 100vw, 300px\" \/> \u00a0\u00a0 <img loading=\"lazy\" decoding=\"async\" class=\"alignnone size-medium wp-image-4072\" src=\"https:\/\/portal.uab.pt\/umcla\/wp-content\/uploads\/sites\/21\/2025\/02\/Boloed-300x147.png\" alt=\"\" width=\"300\" height=\"147\" srcset=\"https:\/\/portal.uab.pt\/uct\/wp-content\/uploads\/sites\/21\/2025\/02\/Boloed-300x147.png 300w, https:\/\/portal.uab.pt\/uct\/wp-content\/uploads\/sites\/21\/2025\/02\/Boloed.png 700w\" sizes=\"auto, (max-width: 300px) 100vw, 300px\" \/><\/p>","protected":false},"excerpt":{"rendered":"<p>&nbsp; No passado dia 24 de fevereiro de 2025, assinalou-se a 50\u00aa sess\u00e3o do Clube de Leitura do Sabugal com um encontro especial, que procurou celebrar e relembrar a trajet\u00f3ria de um projeto iniciado em 2018 e que, desde ent\u00e3o, se tem vindo a afirmar e a consolidar de ano para ano. \u00a0Na ocasi\u00e3o, a<a class=\"more-link\" href=\"https:\/\/portal.uab.pt\/uct\/50a-sessao-do-clube-de-leitura-do-sabugal-2\/\">Ler +<\/a><\/p>\n","protected":false},"author":209,"featured_media":3979,"comment_status":"closed","ping_status":"closed","sticky":false,"template":"","format":"standard","meta":{"footnotes":""},"categories":[8],"tags":[],"class_list":["post-4074","post","type-post","status-publish","format-standard","has-post-thumbnail","hentry","category-arquivo","post-thumb"],"_links":{"self":[{"href":"https:\/\/portal.uab.pt\/uct\/wp-json\/wp\/v2\/posts\/4074","targetHints":{"allow":["GET"]}}],"collection":[{"href":"https:\/\/portal.uab.pt\/uct\/wp-json\/wp\/v2\/posts"}],"about":[{"href":"https:\/\/portal.uab.pt\/uct\/wp-json\/wp\/v2\/types\/post"}],"author":[{"embeddable":true,"href":"https:\/\/portal.uab.pt\/uct\/wp-json\/wp\/v2\/users\/209"}],"replies":[{"embeddable":true,"href":"https:\/\/portal.uab.pt\/uct\/wp-json\/wp\/v2\/comments?post=4074"}],"version-history":[{"count":2,"href":"https:\/\/portal.uab.pt\/uct\/wp-json\/wp\/v2\/posts\/4074\/revisions"}],"predecessor-version":[{"id":4082,"href":"https:\/\/portal.uab.pt\/uct\/wp-json\/wp\/v2\/posts\/4074\/revisions\/4082"}],"wp:featuredmedia":[{"embeddable":true,"href":"https:\/\/portal.uab.pt\/uct\/wp-json\/wp\/v2\/media\/3979"}],"wp:attachment":[{"href":"https:\/\/portal.uab.pt\/uct\/wp-json\/wp\/v2\/media?parent=4074"}],"wp:term":[{"taxonomy":"category","embeddable":true,"href":"https:\/\/portal.uab.pt\/uct\/wp-json\/wp\/v2\/categories?post=4074"},{"taxonomy":"post_tag","embeddable":true,"href":"https:\/\/portal.uab.pt\/uct\/wp-json\/wp\/v2\/tags?post=4074"}],"curies":[{"name":"wp","href":"https:\/\/api.w.org\/{rel}","templated":true}]}}