{"id":4191,"date":"2025-04-08T15:20:05","date_gmt":"2025-04-08T15:20:05","guid":{"rendered":"https:\/\/portal.uab.pt\/umcla\/?p=4191"},"modified":"2025-04-08T15:21:26","modified_gmt":"2025-04-08T15:21:26","slug":"herbario-escolar-de-plantas-invasoras","status":"publish","type":"post","link":"https:\/\/portal.uab.pt\/uct\/herbario-escolar-de-plantas-invasoras\/","title":{"rendered":"Herb\u00e1rio Escolar de Plantas Invasoras"},"content":{"rendered":"<p><img loading=\"lazy\" decoding=\"async\" class=\"size-medium wp-image-4046 aligncenter\" src=\"https:\/\/portal.uab.pt\/umcla\/wp-content\/uploads\/sites\/21\/2025\/02\/Portal-UMCLA_Herbarios-escolares-300x147.png\" alt=\"\" width=\"300\" height=\"147\" srcset=\"https:\/\/portal.uab.pt\/uct\/wp-content\/uploads\/sites\/21\/2025\/02\/Portal-UMCLA_Herbarios-escolares-300x147.png 300w, https:\/\/portal.uab.pt\/uct\/wp-content\/uploads\/sites\/21\/2025\/02\/Portal-UMCLA_Herbarios-escolares.png 700w\" sizes=\"auto, (max-width: 300px) 100vw, 300px\" \/><\/p>\n<p>&nbsp;<\/p>\n<p>Decorreu nos dias 19 e 26 de fevereiro de 2025 a cria\u00e7\u00e3o de um <strong>Herb\u00e1rio Escolar de Plantas Invasoras<\/strong>. As plantas invasoras, definidas como esp\u00e9cies ex\u00f3ticas que provocam impactos negativos na biodiversidade aut\u00f3ctone, constituem uma das maiores amea\u00e7as \u00e0 nossa biodiversidade. Torna-se, por conseguinte, imperativo educar os cidad\u00e3os para a sua identifica\u00e7\u00e3o, controlo e remo\u00e7\u00e3o. \u00c9 igualmente not\u00f3ria a necessidade de melhoria da literacia ambiental, de modo a promover um desenvolvimento sustent\u00e1vel e ecol\u00f3gico.<\/p>\n<p>A cria\u00e7\u00e3o de um Herb\u00e1rio, uma cole\u00e7\u00e3o biol\u00f3gica de plantas secas prensadas, desenvolvida atrav\u00e9s da experi\u00eancia pr\u00e1tica e pedag\u00f3gica, visa incentivar a leitura do ambiente e o trabalho manual. Esta pr\u00e1tica, apesar de outrora comum no contexto educativo, encontra-se atualmente em desuso. A educa\u00e7\u00e3o ambiental tem tido tamb\u00e9m um enfoque te\u00f3rico, sendo imperativo que se desenvolvam atividades pr\u00e1ticas de educa\u00e7\u00e3o ambiental que proporcionem um contacto direto com a natureza.<\/p>\n<p>O projeto em quest\u00e3o visa promover, junto das crian\u00e7as e dos professores, a literacia ambiental por meio da cria\u00e7\u00e3o de herb\u00e1rios escolares de plantas invasoras e do contacto direto com a natureza. Os objetivos desta forma\u00e7\u00e3o s\u00e3o os seguintes: aprofundar a compreens\u00e3o dos conceitos apresentados; identificar e analisar as plantas invasoras; promover a Literacia Ambiental; concluir a import\u00e2ncia da natureza na educa\u00e7\u00e3o.<\/p>\n<p><strong>Organizador<\/strong>(es):\u00a0\u00a0\u00a0Universidade Aberta (Centro Local de Aprendizagem em Cantanhede), Faculdade de Psicologia e de Ci\u00eancias da Educa\u00e7\u00e3o da Universidade de Coimbra e Munic\u00edpio de Cantanhede.<\/p>\n<p>Esta atividade contou ainda com as parcerias do Agrupamento de Escolas Marqu\u00eas de Marialva, do Centro de Forma\u00e7\u00e3o da Associa\u00e7\u00e3o de Escolas de Beira Mar e do Programa Eco-Escolas.<\/p>\n<p>&nbsp;<\/p>\n<p>[:\u00a0\u00a0\u00a0\u00a0 ]<img loading=\"lazy\" decoding=\"async\" class=\"alignnone size-medium wp-image-4194\" src=\"https:\/\/portal.uab.pt\/umcla\/wp-content\/uploads\/sites\/21\/2025\/04\/Formador-300x147.png\" alt=\"\" width=\"300\" height=\"147\" srcset=\"https:\/\/portal.uab.pt\/uct\/wp-content\/uploads\/sites\/21\/2025\/04\/Formador-300x147.png 300w, https:\/\/portal.uab.pt\/uct\/wp-content\/uploads\/sites\/21\/2025\/04\/Formador.png 700w\" sizes=\"auto, (max-width: 300px) 100vw, 300px\" \/> \u00a0\u00a0 <img loading=\"lazy\" decoding=\"async\" class=\"alignnone size-medium wp-image-4196\" src=\"https:\/\/portal.uab.pt\/umcla\/wp-content\/uploads\/sites\/21\/2025\/04\/herbario-300x147.png\" alt=\"\" width=\"300\" height=\"147\" srcset=\"https:\/\/portal.uab.pt\/uct\/wp-content\/uploads\/sites\/21\/2025\/04\/herbario-300x147.png 300w, https:\/\/portal.uab.pt\/uct\/wp-content\/uploads\/sites\/21\/2025\/04\/herbario.png 700w\" sizes=\"auto, (max-width: 300px) 100vw, 300px\" \/> \u00a0\u00a0 <img loading=\"lazy\" decoding=\"async\" class=\"alignnone size-medium wp-image-4193\" src=\"https:\/\/portal.uab.pt\/umcla\/wp-content\/uploads\/sites\/21\/2025\/04\/atividade-pratica-300x147.png\" alt=\"\" width=\"300\" height=\"147\" srcset=\"https:\/\/portal.uab.pt\/uct\/wp-content\/uploads\/sites\/21\/2025\/04\/atividade-pratica-300x147.png 300w, https:\/\/portal.uab.pt\/uct\/wp-content\/uploads\/sites\/21\/2025\/04\/atividade-pratica.png 700w\" sizes=\"auto, (max-width: 300px) 100vw, 300px\" \/> \u00a0\u00a0 <img loading=\"lazy\" decoding=\"async\" class=\"alignnone size-medium wp-image-4195\" src=\"https:\/\/portal.uab.pt\/umcla\/wp-content\/uploads\/sites\/21\/2025\/04\/formandos-300x147.png\" alt=\"\" width=\"300\" height=\"147\" srcset=\"https:\/\/portal.uab.pt\/uct\/wp-content\/uploads\/sites\/21\/2025\/04\/formandos-300x147.png 300w, https:\/\/portal.uab.pt\/uct\/wp-content\/uploads\/sites\/21\/2025\/04\/formandos.png 700w\" sizes=\"auto, (max-width: 300px) 100vw, 300px\" \/><\/p>","protected":false},"excerpt":{"rendered":"<p>&nbsp; Decorreu nos dias 19 e 26 de fevereiro de 2025 a cria\u00e7\u00e3o de um Herb\u00e1rio Escolar de Plantas Invasoras. As plantas invasoras, definidas como esp\u00e9cies ex\u00f3ticas que provocam impactos negativos na biodiversidade aut\u00f3ctone, constituem uma das maiores amea\u00e7as \u00e0 nossa biodiversidade. Torna-se, por conseguinte, imperativo educar os cidad\u00e3os para a sua identifica\u00e7\u00e3o, controlo e<a class=\"more-link\" href=\"https:\/\/portal.uab.pt\/uct\/herbario-escolar-de-plantas-invasoras\/\">Ler +<\/a><\/p>\n","protected":false},"author":209,"featured_media":4046,"comment_status":"closed","ping_status":"closed","sticky":false,"template":"","format":"standard","meta":{"footnotes":""},"categories":[8],"tags":[],"class_list":["post-4191","post","type-post","status-publish","format-standard","has-post-thumbnail","hentry","category-arquivo","post-thumb"],"_links":{"self":[{"href":"https:\/\/portal.uab.pt\/uct\/wp-json\/wp\/v2\/posts\/4191","targetHints":{"allow":["GET"]}}],"collection":[{"href":"https:\/\/portal.uab.pt\/uct\/wp-json\/wp\/v2\/posts"}],"about":[{"href":"https:\/\/portal.uab.pt\/uct\/wp-json\/wp\/v2\/types\/post"}],"author":[{"embeddable":true,"href":"https:\/\/portal.uab.pt\/uct\/wp-json\/wp\/v2\/users\/209"}],"replies":[{"embeddable":true,"href":"https:\/\/portal.uab.pt\/uct\/wp-json\/wp\/v2\/comments?post=4191"}],"version-history":[{"count":2,"href":"https:\/\/portal.uab.pt\/uct\/wp-json\/wp\/v2\/posts\/4191\/revisions"}],"predecessor-version":[{"id":4197,"href":"https:\/\/portal.uab.pt\/uct\/wp-json\/wp\/v2\/posts\/4191\/revisions\/4197"}],"wp:featuredmedia":[{"embeddable":true,"href":"https:\/\/portal.uab.pt\/uct\/wp-json\/wp\/v2\/media\/4046"}],"wp:attachment":[{"href":"https:\/\/portal.uab.pt\/uct\/wp-json\/wp\/v2\/media?parent=4191"}],"wp:term":[{"taxonomy":"category","embeddable":true,"href":"https:\/\/portal.uab.pt\/uct\/wp-json\/wp\/v2\/categories?post=4191"},{"taxonomy":"post_tag","embeddable":true,"href":"https:\/\/portal.uab.pt\/uct\/wp-json\/wp\/v2\/tags?post=4191"}],"curies":[{"name":"wp","href":"https:\/\/api.w.org\/{rel}","templated":true}]}}