{"id":4460,"date":"2025-07-22T14:13:36","date_gmt":"2025-07-22T14:13:36","guid":{"rendered":"https:\/\/portal.uab.pt\/umcla\/?p=4460"},"modified":"2025-07-22T14:13:36","modified_gmt":"2025-07-22T14:13:36","slug":"apresentacao-do-livro-alhadas-sintra-da-figueira","status":"publish","type":"post","link":"https:\/\/portal.uab.pt\/uct\/apresentacao-do-livro-alhadas-sintra-da-figueira\/","title":{"rendered":"Apresenta\u00e7\u00e3o do livro &#8220;ALHADAS Sintra da Figueira&#8221;"},"content":{"rendered":"<p><img loading=\"lazy\" decoding=\"async\" class=\"size-medium wp-image-4456 aligncenter\" src=\"https:\/\/portal.uab.pt\/umcla\/wp-content\/uploads\/sites\/21\/2025\/07\/Cartaz-1-300x147.png\" alt=\"\" width=\"300\" height=\"147\" srcset=\"https:\/\/portal.uab.pt\/uct\/wp-content\/uploads\/sites\/21\/2025\/07\/Cartaz-1-300x147.png 300w, https:\/\/portal.uab.pt\/uct\/wp-content\/uploads\/sites\/21\/2025\/07\/Cartaz-1.png 700w\" sizes=\"auto, (max-width: 300px) 100vw, 300px\" \/><\/p>\n<p>&nbsp;<\/p>\n<p>No dia 5 de julho de 2025 foi apresentado, pela coordenadora do Centro Local de Aprendizagem da Universidade Aberta de Cantanhede, o livro &#8220;<strong>ALHADAS Sintra da Figueira<\/strong>&#8220;, da autoria de Jo\u00e3o Freitas, graduado em Hist\u00f3ria pela Universidade Aberta. A sess\u00e3o esteve integrada nas comemora\u00e7\u00f5es dos 36 anos de eleva\u00e7\u00e3o de Alhadas a Vila &#8211; freguesia que pertence ao concelho da Figueira da Foz.<\/p>\n<p>A apresenta\u00e7\u00e3o do livro incluiu um desfile hist\u00f3rico em homenagem aos &#8220;Cavaleiros de\u00a0Alhadas&#8221;, que auxiliaram D. Afonso Henriques na Batalha de Alc\u00e1cer do Sal &#8211; acontecimento destacado numa das passagens do livro. O desfile consistiu na representa\u00e7\u00e3o dos Cavaleiros,\u00a0acompanhados pelo povo, que entregaram o livro ao Rei D. Afonso Henriques, o qual, ap\u00f3s agradecer o desempenho dos Cavaleiros, subiu ao palco entregando o livro para apresenta\u00e7\u00e3o.<\/p>\n<p>Num tempo em que os discursos sobre identidade e perten\u00e7a tendem a ser globalizados, obras como esta, ao resgatar a mem\u00f3ria de uma da Vila de Alhadas, contribui ativamente para a valoriza\u00e7\u00e3o da sua hist\u00f3ria local, permitindo que as gera\u00e7\u00f5es presentes e futuras conhe\u00e7am as ra\u00edzes que moldaram o territ\u00f3rio, os costumes, a economia e as pessoas. Mais do que uma simples compila\u00e7\u00e3o de datas e factos, o livro d\u00e1 voz a epis\u00f3dios esquecidos, a figuras discretas, a tradi\u00e7\u00f5es e viv\u00eancias que constru\u00edram a identidade coletiva. A mem\u00f3ria local, muitas vezes ausente dos manuais escolares ou dos grandes relatos hist\u00f3ricos, \u00e9 tratada em \u201cALHADAS\u00a0Sintra da Figueira&#8221; com o rigor e a sensibilidade que merece. Esta publica\u00e7\u00e3o n\u00e3o \u00e9 apenas um contributo para a hist\u00f3ria de Alhadas, ajuda tamb\u00e9m a compreender melhor o todo: perceber uma terra \u00e9 tamb\u00e9m perceber o pa\u00eds, num gesto de cidadania cultural, um testemunho do valor que a investiga\u00e7\u00e3o local pode ter na constru\u00e7\u00e3o de uma mem\u00f3ria plural, rica e inclusiva.<\/p>\n<p>O evento foi organizado pela Junta de Freguesia de Alhadas em parceria com o Centro Local de Aprendizagem da Universidade Aberta da Universidade Aberta em Cantanhede.<\/p>\n<p>&nbsp;<\/p>\n<p><img loading=\"lazy\" decoding=\"async\" class=\"alignnone size-medium wp-image-4459\" src=\"https:\/\/portal.uab.pt\/umcla\/wp-content\/uploads\/sites\/21\/2025\/07\/Sonia-Valente-300x147.png\" alt=\"\" width=\"300\" height=\"147\" srcset=\"https:\/\/portal.uab.pt\/uct\/wp-content\/uploads\/sites\/21\/2025\/07\/Sonia-Valente-300x147.png 300w, https:\/\/portal.uab.pt\/uct\/wp-content\/uploads\/sites\/21\/2025\/07\/Sonia-Valente.png 700w\" sizes=\"auto, (max-width: 300px) 100vw, 300px\" \/>\u00a0 \u00a0 <img loading=\"lazy\" decoding=\"async\" class=\"alignnone size-medium wp-image-4457\" src=\"https:\/\/portal.uab.pt\/umcla\/wp-content\/uploads\/sites\/21\/2025\/07\/Desfile-300x147.png\" alt=\"\" width=\"300\" height=\"147\" srcset=\"https:\/\/portal.uab.pt\/uct\/wp-content\/uploads\/sites\/21\/2025\/07\/Desfile-300x147.png 300w, https:\/\/portal.uab.pt\/uct\/wp-content\/uploads\/sites\/21\/2025\/07\/Desfile.png 700w\" sizes=\"auto, (max-width: 300px) 100vw, 300px\" \/>\u00a0 \u00a0 <img loading=\"lazy\" decoding=\"async\" class=\"alignnone size-medium wp-image-4458\" src=\"https:\/\/portal.uab.pt\/umcla\/wp-content\/uploads\/sites\/21\/2025\/07\/Publico-2-300x147.png\" alt=\"\" width=\"300\" height=\"147\" srcset=\"https:\/\/portal.uab.pt\/uct\/wp-content\/uploads\/sites\/21\/2025\/07\/Publico-2-300x147.png 300w, https:\/\/portal.uab.pt\/uct\/wp-content\/uploads\/sites\/21\/2025\/07\/Publico-2.png 700w\" sizes=\"auto, (max-width: 300px) 100vw, 300px\" \/><\/p>","protected":false},"excerpt":{"rendered":"<p>&nbsp; No dia 5 de julho de 2025 foi apresentado, pela coordenadora do Centro Local de Aprendizagem da Universidade Aberta de Cantanhede, o livro &#8220;ALHADAS Sintra da Figueira&#8220;, da autoria de Jo\u00e3o Freitas, graduado em Hist\u00f3ria pela Universidade Aberta. A sess\u00e3o esteve integrada nas comemora\u00e7\u00f5es dos 36 anos de eleva\u00e7\u00e3o de Alhadas a Vila &#8211;<a class=\"more-link\" href=\"https:\/\/portal.uab.pt\/uct\/apresentacao-do-livro-alhadas-sintra-da-figueira\/\">Ler +<\/a><\/p>\n","protected":false},"author":209,"featured_media":4456,"comment_status":"closed","ping_status":"closed","sticky":false,"template":"","format":"standard","meta":{"footnotes":""},"categories":[8],"tags":[],"class_list":["post-4460","post","type-post","status-publish","format-standard","has-post-thumbnail","hentry","category-arquivo","post-thumb"],"_links":{"self":[{"href":"https:\/\/portal.uab.pt\/uct\/wp-json\/wp\/v2\/posts\/4460","targetHints":{"allow":["GET"]}}],"collection":[{"href":"https:\/\/portal.uab.pt\/uct\/wp-json\/wp\/v2\/posts"}],"about":[{"href":"https:\/\/portal.uab.pt\/uct\/wp-json\/wp\/v2\/types\/post"}],"author":[{"embeddable":true,"href":"https:\/\/portal.uab.pt\/uct\/wp-json\/wp\/v2\/users\/209"}],"replies":[{"embeddable":true,"href":"https:\/\/portal.uab.pt\/uct\/wp-json\/wp\/v2\/comments?post=4460"}],"version-history":[{"count":1,"href":"https:\/\/portal.uab.pt\/uct\/wp-json\/wp\/v2\/posts\/4460\/revisions"}],"predecessor-version":[{"id":4461,"href":"https:\/\/portal.uab.pt\/uct\/wp-json\/wp\/v2\/posts\/4460\/revisions\/4461"}],"wp:featuredmedia":[{"embeddable":true,"href":"https:\/\/portal.uab.pt\/uct\/wp-json\/wp\/v2\/media\/4456"}],"wp:attachment":[{"href":"https:\/\/portal.uab.pt\/uct\/wp-json\/wp\/v2\/media?parent=4460"}],"wp:term":[{"taxonomy":"category","embeddable":true,"href":"https:\/\/portal.uab.pt\/uct\/wp-json\/wp\/v2\/categories?post=4460"},{"taxonomy":"post_tag","embeddable":true,"href":"https:\/\/portal.uab.pt\/uct\/wp-json\/wp\/v2\/tags?post=4460"}],"curies":[{"name":"wp","href":"https:\/\/api.w.org\/{rel}","templated":true}]}}