{"id":4469,"date":"2025-07-22T14:25:06","date_gmt":"2025-07-22T14:25:06","guid":{"rendered":"https:\/\/portal.uab.pt\/umcla\/?p=4469"},"modified":"2025-07-22T14:25:06","modified_gmt":"2025-07-22T14:25:06","slug":"projeto-herbarios-escolares-de-plantas-invasoras","status":"publish","type":"post","link":"https:\/\/portal.uab.pt\/uct\/projeto-herbarios-escolares-de-plantas-invasoras\/","title":{"rendered":"Projeto\u00a0Herb\u00e1rios Escolares de Plantas Invasoras"},"content":{"rendered":"<p><img loading=\"lazy\" decoding=\"async\" class=\"size-medium wp-image-4462 aligncenter\" src=\"https:\/\/portal.uab.pt\/umcla\/wp-content\/uploads\/sites\/21\/2025\/07\/Cartaz-2-300x147.png\" alt=\"\" width=\"300\" height=\"147\" srcset=\"https:\/\/portal.uab.pt\/uct\/wp-content\/uploads\/sites\/21\/2025\/07\/Cartaz-2-300x147.png 300w, https:\/\/portal.uab.pt\/uct\/wp-content\/uploads\/sites\/21\/2025\/07\/Cartaz-2.png 700w\" sizes=\"auto, (max-width: 300px) 100vw, 300px\" \/><\/p>\n<p>&nbsp;<\/p>\n<p>O <em>Educ@rteNatureza<\/em> lan\u00e7ou, entre fevereiro e junho de 2025, o <strong>projeto\u00a0Herb\u00e1rios Escolares de Plantas Invasoras<\/strong>, mobilizando alunos, professores e cidad\u00e3os numa aventura cient\u00edfica ao ar livre. A iniciativa, coorganizada pela Faculdade de Psicologia e Ci\u00eancias da Educa\u00e7\u00e3o da Universidade de Coimbra, pelo Centro Local de Aprendizagem da Universidade Aberta em cantanhede e pelo Munic\u00edpio de Cantanhede, reuniu ainda parceiros como o Programa Eco\u2011Escolas, o Agrupamento de Escolas Marqu\u00eas de Marialva, o Herb\u00e1rio da Universidade de Coimbra, o Gabinete T\u00e9cnico\u2011Florestal da Prote\u00e7\u00e3o Civil, a Uni\u00e3o de Freguesias de Cantanhede e Pocari\u00e7a e o CFAE Beira Mar.<\/p>\n<p><strong>\u00a0<\/strong><strong>Aprender na pr\u00e1tica<\/strong><\/p>\n<p>O ponto de partida foi a forma\u00e7\u00e3o de docentes e a capacita\u00e7\u00e3o das crian\u00e7as, que munidos destes conhecimentos rumaram numa viagem de descoberta bot\u00e2nica:<\/p>\n<ul>\n<li><strong>Explora\u00e7\u00e3o cient\u00edfica<\/strong>: visitas guiadas ao Herb\u00e1rio da Universidade de Coimbra, onde os alunos manusearam cole\u00e7\u00f5es bot\u00e2nicas e microsc\u00f3pios, e ao Jardim Bot\u00e2nico de Coimbra, estudando plantas no seu habitat natural.<\/li>\n<li><strong>Sa\u00edda de campo<\/strong>: expedi\u00e7\u00e3o pelos arredores de Cantanhede para recolher amostras de ac\u00e1cia\u2011mimosa, ac\u00e1cia\u2011de\u2011espigas, erva\u2011azeda, cana\u2011do\u2011reino e erva\u2011das\u2011pampas.<\/li>\n<li><strong>Oficina de herb\u00e1rio<\/strong>: prensagem, secagem, cataloga\u00e7\u00e3o e montagem de cada esp\u00e9cime, transformando folhas e flores num verdadeiro acervo escolar.<\/li>\n<\/ul>\n<p>Mais do que um exerc\u00edcio cient\u00edfico, o projeto visou aproximar as crian\u00e7as da natureza, desenvolver a literacia ambiental e despertar o sentido de responsabilidade ambiental.<\/p>\n<p>&nbsp;<\/p>\n<p><img loading=\"lazy\" decoding=\"async\" class=\"alignnone size-medium wp-image-4463\" src=\"https:\/\/portal.uab.pt\/umcla\/wp-content\/uploads\/sites\/21\/2025\/07\/palestra-e-trabalhos-300x147.png\" alt=\"\" width=\"300\" height=\"147\" srcset=\"https:\/\/portal.uab.pt\/uct\/wp-content\/uploads\/sites\/21\/2025\/07\/palestra-e-trabalhos-300x147.png 300w, https:\/\/portal.uab.pt\/uct\/wp-content\/uploads\/sites\/21\/2025\/07\/palestra-e-trabalhos.png 700w\" sizes=\"auto, (max-width: 300px) 100vw, 300px\" \/>\u00a0 \u00a0 <img loading=\"lazy\" decoding=\"async\" class=\"alignnone size-medium wp-image-4464\" src=\"https:\/\/portal.uab.pt\/umcla\/wp-content\/uploads\/sites\/21\/2025\/07\/palestra-grupo-300x147.png\" alt=\"\" width=\"300\" height=\"147\" srcset=\"https:\/\/portal.uab.pt\/uct\/wp-content\/uploads\/sites\/21\/2025\/07\/palestra-grupo-300x147.png 300w, https:\/\/portal.uab.pt\/uct\/wp-content\/uploads\/sites\/21\/2025\/07\/palestra-grupo.png 700w\" sizes=\"auto, (max-width: 300px) 100vw, 300px\" \/>\u00a0 \u00a0 <img loading=\"lazy\" decoding=\"async\" class=\"alignnone size-medium wp-image-4465\" src=\"https:\/\/portal.uab.pt\/umcla\/wp-content\/uploads\/sites\/21\/2025\/07\/trabalhos-plantas-300x147.png\" alt=\"\" width=\"300\" height=\"147\" srcset=\"https:\/\/portal.uab.pt\/uct\/wp-content\/uploads\/sites\/21\/2025\/07\/trabalhos-plantas-300x147.png 300w, https:\/\/portal.uab.pt\/uct\/wp-content\/uploads\/sites\/21\/2025\/07\/trabalhos-plantas.png 700w\" sizes=\"auto, (max-width: 300px) 100vw, 300px\" \/>\u00a0 \u00a0 <img loading=\"lazy\" decoding=\"async\" class=\"alignnone size-medium wp-image-4466\" src=\"https:\/\/portal.uab.pt\/umcla\/wp-content\/uploads\/sites\/21\/2025\/07\/trabalhos-plantas2-300x147.png\" alt=\"\" width=\"300\" height=\"147\" srcset=\"https:\/\/portal.uab.pt\/uct\/wp-content\/uploads\/sites\/21\/2025\/07\/trabalhos-plantas2-300x147.png 300w, https:\/\/portal.uab.pt\/uct\/wp-content\/uploads\/sites\/21\/2025\/07\/trabalhos-plantas2.png 700w\" sizes=\"auto, (max-width: 300px) 100vw, 300px\" \/><\/p>\n<p>&nbsp;<\/p>\n<p><img loading=\"lazy\" decoding=\"async\" class=\"alignnone size-medium wp-image-4467\" src=\"https:\/\/portal.uab.pt\/umcla\/wp-content\/uploads\/sites\/21\/2025\/07\/visita-campo-300x147.png\" alt=\"\" width=\"300\" height=\"147\" srcset=\"https:\/\/portal.uab.pt\/uct\/wp-content\/uploads\/sites\/21\/2025\/07\/visita-campo-300x147.png 300w, https:\/\/portal.uab.pt\/uct\/wp-content\/uploads\/sites\/21\/2025\/07\/visita-campo.png 700w\" sizes=\"auto, (max-width: 300px) 100vw, 300px\" \/>\u00a0 \u00a0 <img loading=\"lazy\" decoding=\"async\" class=\"alignnone size-medium wp-image-4468\" src=\"https:\/\/portal.uab.pt\/umcla\/wp-content\/uploads\/sites\/21\/2025\/07\/visita-jardins-300x147.png\" alt=\"\" width=\"300\" height=\"147\" srcset=\"https:\/\/portal.uab.pt\/uct\/wp-content\/uploads\/sites\/21\/2025\/07\/visita-jardins-300x147.png 300w, https:\/\/portal.uab.pt\/uct\/wp-content\/uploads\/sites\/21\/2025\/07\/visita-jardins.png 700w\" sizes=\"auto, (max-width: 300px) 100vw, 300px\" \/><\/p>","protected":false},"excerpt":{"rendered":"<p>&nbsp; O Educ@rteNatureza lan\u00e7ou, entre fevereiro e junho de 2025, o projeto\u00a0Herb\u00e1rios Escolares de Plantas Invasoras, mobilizando alunos, professores e cidad\u00e3os numa aventura cient\u00edfica ao ar livre. A iniciativa, coorganizada pela Faculdade de Psicologia e Ci\u00eancias da Educa\u00e7\u00e3o da Universidade de Coimbra, pelo Centro Local de Aprendizagem da Universidade Aberta em cantanhede e pelo Munic\u00edpio<a class=\"more-link\" href=\"https:\/\/portal.uab.pt\/uct\/projeto-herbarios-escolares-de-plantas-invasoras\/\">Ler +<\/a><\/p>\n","protected":false},"author":209,"featured_media":4462,"comment_status":"closed","ping_status":"closed","sticky":false,"template":"","format":"standard","meta":{"footnotes":""},"categories":[8],"tags":[],"class_list":["post-4469","post","type-post","status-publish","format-standard","has-post-thumbnail","hentry","category-arquivo","post-thumb"],"_links":{"self":[{"href":"https:\/\/portal.uab.pt\/uct\/wp-json\/wp\/v2\/posts\/4469","targetHints":{"allow":["GET"]}}],"collection":[{"href":"https:\/\/portal.uab.pt\/uct\/wp-json\/wp\/v2\/posts"}],"about":[{"href":"https:\/\/portal.uab.pt\/uct\/wp-json\/wp\/v2\/types\/post"}],"author":[{"embeddable":true,"href":"https:\/\/portal.uab.pt\/uct\/wp-json\/wp\/v2\/users\/209"}],"replies":[{"embeddable":true,"href":"https:\/\/portal.uab.pt\/uct\/wp-json\/wp\/v2\/comments?post=4469"}],"version-history":[{"count":1,"href":"https:\/\/portal.uab.pt\/uct\/wp-json\/wp\/v2\/posts\/4469\/revisions"}],"predecessor-version":[{"id":4470,"href":"https:\/\/portal.uab.pt\/uct\/wp-json\/wp\/v2\/posts\/4469\/revisions\/4470"}],"wp:featuredmedia":[{"embeddable":true,"href":"https:\/\/portal.uab.pt\/uct\/wp-json\/wp\/v2\/media\/4462"}],"wp:attachment":[{"href":"https:\/\/portal.uab.pt\/uct\/wp-json\/wp\/v2\/media?parent=4469"}],"wp:term":[{"taxonomy":"category","embeddable":true,"href":"https:\/\/portal.uab.pt\/uct\/wp-json\/wp\/v2\/categories?post=4469"},{"taxonomy":"post_tag","embeddable":true,"href":"https:\/\/portal.uab.pt\/uct\/wp-json\/wp\/v2\/tags?post=4469"}],"curies":[{"name":"wp","href":"https:\/\/api.w.org\/{rel}","templated":true}]}}