{"id":4507,"date":"2025-09-18T11:10:54","date_gmt":"2025-09-18T11:10:54","guid":{"rendered":"https:\/\/portal.uab.pt\/umcla\/?p=4507"},"modified":"2025-09-18T11:10:54","modified_gmt":"2025-09-18T11:10:54","slug":"tecnet-trends-2025","status":"publish","type":"post","link":"https:\/\/portal.uab.pt\/uct\/tecnet-trends-2025\/","title":{"rendered":"TECNET Trends 2025"},"content":{"rendered":"<p><img loading=\"lazy\" decoding=\"async\" class=\"size-medium wp-image-4504 aligncenter\" src=\"https:\/\/portal.uab.pt\/umcla\/wp-content\/uploads\/sites\/21\/2025\/09\/Cartaz-ed2-300x147.png\" alt=\"\" width=\"300\" height=\"147\" srcset=\"https:\/\/portal.uab.pt\/uct\/wp-content\/uploads\/sites\/21\/2025\/09\/Cartaz-ed2-300x147.png 300w, https:\/\/portal.uab.pt\/uct\/wp-content\/uploads\/sites\/21\/2025\/09\/Cartaz-ed2.png 700w\" sizes=\"auto, (max-width: 300px) 100vw, 300px\" \/><\/p>\n<p>&nbsp;<\/p>\n<p>No \u00e2mbito de um convite dirigido a todas as entidades que se localizam na Oliva Creative Factory, a Universidade Aberta, atrav\u00e9s do Centro Local de Aprendizagem de S\u00e3o Jo\u00e3o da Madeira, nos dias 26 e 27 de julho, participou no evento <strong>TECNET Trends 2025<\/strong>, promovido pelo SANJOTEC &#8211; Parque de Ci\u00eancia e Tecnologia, em parceria com a C\u00e2mara Municipal de S\u00e3o Jo\u00e3o da Madeira. Durante dois dias, a Oliva Creative Factory, foi palco do TECNET Trends 2025, um evento que juntou 400 participantes, 31 oradores, 6 pain\u00e9is de discuss\u00e3o e 40 expositores.<\/p>\n<p>Para al\u00e9m da participa\u00e7\u00e3o no evento na zona expositiva, recorrendo aos pain\u00e9is e ao material de merchandising da UAb, o que permitiu a divulga\u00e7\u00e3o da UAb e da sua oferta pedag\u00f3gica junto dos visitantes do evento, prestando as mais diversas informa\u00e7\u00f5es, neste evento tamb\u00e9m pode contar com a participa\u00e7\u00e3o de Maria Castelhano, designadamente no dia 27 de junho, com uma demonstra\u00e7\u00e3o dos capacetes de realidade virtual da UAb, visto este ser um evento dedicado \u00e0 inova\u00e7\u00e3o e tecnologia, atividade que foi muito procurada pelos participantes no evento.<\/p>\n<p>&nbsp;<\/p>\n<p><img loading=\"lazy\" decoding=\"async\" class=\"size-medium wp-image-4506 aligncenter\" src=\"https:\/\/portal.uab.pt\/umcla\/wp-content\/uploads\/sites\/21\/2025\/09\/Stand-UAb-ed1-300x147.png\" alt=\"\" width=\"300\" height=\"147\" srcset=\"https:\/\/portal.uab.pt\/uct\/wp-content\/uploads\/sites\/21\/2025\/09\/Stand-UAb-ed1-300x147.png 300w, https:\/\/portal.uab.pt\/uct\/wp-content\/uploads\/sites\/21\/2025\/09\/Stand-UAb-ed1.png 700w\" sizes=\"auto, (max-width: 300px) 100vw, 300px\" \/>\u00a0 \u00a0 <img loading=\"lazy\" decoding=\"async\" class=\"size-medium wp-image-4505 aligncenter\" src=\"https:\/\/portal.uab.pt\/umcla\/wp-content\/uploads\/sites\/21\/2025\/09\/Realidade-Virtual-2-ed-300x147.png\" alt=\"\" width=\"300\" height=\"147\" srcset=\"https:\/\/portal.uab.pt\/uct\/wp-content\/uploads\/sites\/21\/2025\/09\/Realidade-Virtual-2-ed-300x147.png 300w, https:\/\/portal.uab.pt\/uct\/wp-content\/uploads\/sites\/21\/2025\/09\/Realidade-Virtual-2-ed.png 700w\" sizes=\"auto, (max-width: 300px) 100vw, 300px\" \/><\/p>","protected":false},"excerpt":{"rendered":"<p>&nbsp; No \u00e2mbito de um convite dirigido a todas as entidades que se localizam na Oliva Creative Factory, a Universidade Aberta, atrav\u00e9s do Centro Local de Aprendizagem de S\u00e3o Jo\u00e3o da Madeira, nos dias 26 e 27 de julho, participou no evento TECNET Trends 2025, promovido pelo SANJOTEC &#8211; Parque de Ci\u00eancia e Tecnologia, em<a class=\"more-link\" href=\"https:\/\/portal.uab.pt\/uct\/tecnet-trends-2025\/\">Ler +<\/a><\/p>\n","protected":false},"author":209,"featured_media":4504,"comment_status":"closed","ping_status":"closed","sticky":false,"template":"","format":"standard","meta":{"footnotes":""},"categories":[8],"tags":[],"class_list":["post-4507","post","type-post","status-publish","format-standard","has-post-thumbnail","hentry","category-arquivo","post-thumb"],"_links":{"self":[{"href":"https:\/\/portal.uab.pt\/uct\/wp-json\/wp\/v2\/posts\/4507","targetHints":{"allow":["GET"]}}],"collection":[{"href":"https:\/\/portal.uab.pt\/uct\/wp-json\/wp\/v2\/posts"}],"about":[{"href":"https:\/\/portal.uab.pt\/uct\/wp-json\/wp\/v2\/types\/post"}],"author":[{"embeddable":true,"href":"https:\/\/portal.uab.pt\/uct\/wp-json\/wp\/v2\/users\/209"}],"replies":[{"embeddable":true,"href":"https:\/\/portal.uab.pt\/uct\/wp-json\/wp\/v2\/comments?post=4507"}],"version-history":[{"count":1,"href":"https:\/\/portal.uab.pt\/uct\/wp-json\/wp\/v2\/posts\/4507\/revisions"}],"predecessor-version":[{"id":4508,"href":"https:\/\/portal.uab.pt\/uct\/wp-json\/wp\/v2\/posts\/4507\/revisions\/4508"}],"wp:featuredmedia":[{"embeddable":true,"href":"https:\/\/portal.uab.pt\/uct\/wp-json\/wp\/v2\/media\/4504"}],"wp:attachment":[{"href":"https:\/\/portal.uab.pt\/uct\/wp-json\/wp\/v2\/media?parent=4507"}],"wp:term":[{"taxonomy":"category","embeddable":true,"href":"https:\/\/portal.uab.pt\/uct\/wp-json\/wp\/v2\/categories?post=4507"},{"taxonomy":"post_tag","embeddable":true,"href":"https:\/\/portal.uab.pt\/uct\/wp-json\/wp\/v2\/tags?post=4507"}],"curies":[{"name":"wp","href":"https:\/\/api.w.org\/{rel}","templated":true}]}}