{"id":4651,"date":"2025-10-29T10:35:26","date_gmt":"2025-10-29T10:35:26","guid":{"rendered":"https:\/\/portal.uab.pt\/umcla\/?p=4651"},"modified":"2025-10-29T10:35:26","modified_gmt":"2025-10-29T10:35:26","slug":"lingua-portuguesa-nao-materna","status":"publish","type":"post","link":"https:\/\/portal.uab.pt\/uct\/lingua-portuguesa-nao-materna\/","title":{"rendered":"L\u00edngua Portuguesa N\u00e3o Materna"},"content":{"rendered":"<p><img loading=\"lazy\" decoding=\"async\" class=\"size-medium wp-image-4511 aligncenter\" src=\"https:\/\/portal.uab.pt\/umcla\/wp-content\/uploads\/sites\/21\/2025\/09\/CARTAZ_workshop-Lingua-portuguesa-nao-materna_ed-300x147.png\" alt=\"\" width=\"300\" height=\"147\" srcset=\"https:\/\/portal.uab.pt\/uct\/wp-content\/uploads\/sites\/21\/2025\/09\/CARTAZ_workshop-Lingua-portuguesa-nao-materna_ed-300x147.png 300w, https:\/\/portal.uab.pt\/uct\/wp-content\/uploads\/sites\/21\/2025\/09\/CARTAZ_workshop-Lingua-portuguesa-nao-materna_ed.png 700w\" sizes=\"auto, (max-width: 300px) 100vw, 300px\" \/><\/p>\n<p>&nbsp;<\/p>\n<p>No dia 18 de outubro de 2025, das 10h \u00e0s 16h, a Biblioteca Municipal do Sabugal recebeu Paulo Os\u00f3rio, Professor Catedr\u00e1tico de Lingu\u00edstica da Universidade Aberta, que dinamizou um workshop de <strong>L\u00edngua Portuguesa N\u00e3o Materna<\/strong>, subordinado ao tema \u201c<em>Usar a L\u00edngua Portuguesa em Contextos Formais e Informais<\/em>\u201d. A atividade foi organizada pelo Centro Local de Aprendizagem da Universidade Aberta do Sabugal e pelo CLDS 5G \u2013 Sabugal Ativo, enquadrando-se no \u2018Eixo IV &#8211; Desenvolvimento social, capacita\u00e7\u00e3o comunit\u00e1ria e interven\u00e7\u00e3o em contextos de emerg\u00eancia social e de cen\u00e1rios de exce\u00e7\u00e3o\u2019 deste projeto, que visa dotar fam\u00edlias vulner\u00e1veis de conhecimentos sobre servi\u00e7os essenciais, promover a inclus\u00e3o social e capacitar a comunidade para reagir a situa\u00e7\u00f5es de emerg\u00eancia.<\/p>\n<p>O workshop, destinado \u00e0 popula\u00e7\u00e3o imigrante local com necessidade de forma\u00e7\u00e3o na \u00e1rea do Portugu\u00eas L\u00edngua N\u00e3o Materna, teve como objetivo fundamental dotar os formandos de algumas ferramentas lingu\u00edsticas b\u00e1sicas do portugu\u00eas. Para al\u00e9m da explicita\u00e7\u00e3o de algumas regras da l\u00edngua portuguesa e da partilha de express\u00f5es do quotidiano, Paulo Os\u00f3rio treinou com os formandos situa\u00e7\u00f5es do dia-a-dia, introduzindo \u201crole playing games\u201d e atividades em grupo.<\/p>\n<p>Participaram no workshop 28 pessoas de v\u00e1rias nacionalidades: francesa, belga, sueca, neerlandesa, alem\u00e3, russa, argentina, venezuelana, peruana e colombiana. Os formandos, residentes no concelho do Sabugal e com n\u00edveis lingu\u00edsticos bastante heterog\u00e9neos, expressaram o desejo comum de aprender a l\u00edngua portuguesa, por necessidade profissional ou por vontade pessoal, e todos, sem exce\u00e7\u00e3o, manifestaram a vontade de receber mais forma\u00e7\u00e3o cont\u00ednua nessa \u00e1rea.<\/p>\n<p>Este workshop consolidou a parceria entre a Universidade Aberta e o CLDS 5G &#8211; Sabugal Ativo, um projeto de desenvolvimento social no concelho do Sabugal, financiado pelo Portugal 2030 e promovido pela\u00a0ADES &#8211; Associa\u00e7\u00e3o Empresarial do Sabugal.\u00a0Respondeu, ainda, a uma preocupa\u00e7\u00e3o comum de interven\u00e7\u00e3o em grupos populacionais mais vulner\u00e1veis, de refor\u00e7o das pol\u00edticas de inclus\u00e3o social, de promo\u00e7\u00e3o da mudan\u00e7a e de garantia da coes\u00e3o social e territorial.<\/p>","protected":false},"excerpt":{"rendered":"<p>&nbsp; No dia 18 de outubro de 2025, das 10h \u00e0s 16h, a Biblioteca Municipal do Sabugal recebeu Paulo Os\u00f3rio, Professor Catedr\u00e1tico de Lingu\u00edstica da Universidade Aberta, que dinamizou um workshop de L\u00edngua Portuguesa N\u00e3o Materna, subordinado ao tema \u201cUsar a L\u00edngua Portuguesa em Contextos Formais e Informais\u201d. A atividade foi organizada pelo Centro Local<a class=\"more-link\" href=\"https:\/\/portal.uab.pt\/uct\/lingua-portuguesa-nao-materna\/\">Ler +<\/a><\/p>\n","protected":false},"author":209,"featured_media":4511,"comment_status":"closed","ping_status":"closed","sticky":false,"template":"","format":"standard","meta":{"footnotes":""},"categories":[8],"tags":[],"class_list":["post-4651","post","type-post","status-publish","format-standard","has-post-thumbnail","hentry","category-arquivo","post-thumb"],"_links":{"self":[{"href":"https:\/\/portal.uab.pt\/uct\/wp-json\/wp\/v2\/posts\/4651","targetHints":{"allow":["GET"]}}],"collection":[{"href":"https:\/\/portal.uab.pt\/uct\/wp-json\/wp\/v2\/posts"}],"about":[{"href":"https:\/\/portal.uab.pt\/uct\/wp-json\/wp\/v2\/types\/post"}],"author":[{"embeddable":true,"href":"https:\/\/portal.uab.pt\/uct\/wp-json\/wp\/v2\/users\/209"}],"replies":[{"embeddable":true,"href":"https:\/\/portal.uab.pt\/uct\/wp-json\/wp\/v2\/comments?post=4651"}],"version-history":[{"count":1,"href":"https:\/\/portal.uab.pt\/uct\/wp-json\/wp\/v2\/posts\/4651\/revisions"}],"predecessor-version":[{"id":4652,"href":"https:\/\/portal.uab.pt\/uct\/wp-json\/wp\/v2\/posts\/4651\/revisions\/4652"}],"wp:featuredmedia":[{"embeddable":true,"href":"https:\/\/portal.uab.pt\/uct\/wp-json\/wp\/v2\/media\/4511"}],"wp:attachment":[{"href":"https:\/\/portal.uab.pt\/uct\/wp-json\/wp\/v2\/media?parent=4651"}],"wp:term":[{"taxonomy":"category","embeddable":true,"href":"https:\/\/portal.uab.pt\/uct\/wp-json\/wp\/v2\/categories?post=4651"},{"taxonomy":"post_tag","embeddable":true,"href":"https:\/\/portal.uab.pt\/uct\/wp-json\/wp\/v2\/tags?post=4651"}],"curies":[{"name":"wp","href":"https:\/\/api.w.org\/{rel}","templated":true}]}}