{"id":4681,"date":"2025-09-30T12:25:52","date_gmt":"2025-09-30T12:25:52","guid":{"rendered":"https:\/\/portal.uab.pt\/umcla\/?p=4681"},"modified":"2025-12-10T12:27:32","modified_gmt":"2025-12-10T12:27:32","slug":"sessao-de-literacia-financeira-reforca-competencias-para-uma-cidadania-informada","status":"publish","type":"post","link":"https:\/\/portal.uab.pt\/uct\/sessao-de-literacia-financeira-reforca-competencias-para-uma-cidadania-informada\/","title":{"rendered":"Sess\u00e3o de Literacia Financeira refor\u00e7a compet\u00eancias para uma cidadania informada"},"content":{"rendered":"<p><\/p>\n<p class=\"x_elementToProof\"><span data-olk-copy-source=\"MessageBody\">O Centro Local de Aprendizagem (CLA) da Universidade Aberta em Cantanhede promoveu, em parceria com o Centro Qualifica do Agrupamento de Escolas \u00c1gueda Sul e com o apoio do Banco de Portugal \u2013 Delega\u00e7\u00e3o de Coimbra, uma sess\u00e3o de Literacia Financeira integrada na iniciativa nacional\u00a0<b>\u201cSetembro, M\u00eas da Alfabetiza\u00e7\u00e3o e das Literacias\u201d<\/b>. A a\u00e7\u00e3o teve como objetivo central o desenvolvimento de compet\u00eancias fundamentais para uma cidadania ativa, cr\u00edtica e consciente, particularmente no contexto dos atuais desafios econ\u00f3micos e financeiros.<\/span><\/p>\n<p class=\"x_elementToProof\">A sess\u00e3o foi dinamizada pela\u00a0<b>Dra. Marta Serralheiro<\/b>, do Departamento de Emiss\u00e3o e Tesouraria do Banco de Portugal, cuja interven\u00e7\u00e3o se destacou pela clareza, rigor cient\u00edfico e forte orienta\u00e7\u00e3o pr\u00e1tica. Atrav\u00e9s de exemplos concretos e situa\u00e7\u00f5es do quotidiano, a oradora abordou temas como h\u00e1bitos financeiros, gest\u00e3o respons\u00e1vel de recursos, cr\u00e9ditos, seguran\u00e7a financeira e direitos dos consumidores, promovendo uma participa\u00e7\u00e3o ativa e esclarecendo d\u00favidas relevantes colocadas pelos participantes.<\/p>\n<p class=\"x_elementToProof\">A iniciativa registou um\u00a0<b>elevado grau de satisfa\u00e7\u00e3o<\/b>, refletido nos resultados do inqu\u00e9rito aplicado no final da sess\u00e3o, que evidenciaram classifica\u00e7\u00f5es superiores a 4,7 (numa escala de 1 a 5) em dimens\u00f5es como a utilidade dos conte\u00fados, a adequa\u00e7\u00e3o dos materiais pedag\u00f3gicos, a clareza da comunica\u00e7\u00e3o e o impacto percebido no quotidiano dos formandos. Os coment\u00e1rios recolhidos refor\u00e7aram a import\u00e2ncia de uma linguagem acess\u00edvel, da utiliza\u00e7\u00e3o de exemplos reais e da cria\u00e7\u00e3o de um ambiente de confian\u00e7a e proximidade.<\/p>\n<p class=\"x_elementToProof\">Para al\u00e9m de dar resposta \u00e0s necessidades formativas identificadas pelo Centro Qualifica, esta a\u00e7\u00e3o contribuiu para refor\u00e7ar a\u00a0<b>visibilidade e presen\u00e7a institucional da Universidade Aberta<\/b>\u00a0junto de potenciais futuros estudantes, consolidando o seu papel enquanto institui\u00e7\u00e3o p\u00fablica de refer\u00eancia na qualifica\u00e7\u00e3o de adultos e na promo\u00e7\u00e3o da aprendizagem ao longo da vida. A articula\u00e7\u00e3o e coopera\u00e7\u00e3o entre as entidades envolvidas revelou-se determinante para a qualidade pedag\u00f3gica e o impacto da sess\u00e3o.<\/p>\n<p><img loading=\"lazy\" decoding=\"async\" class=\"size-medium wp-image-4683 aligncenter\" src=\"https:\/\/portal.uab.pt\/umcla\/wp-content\/uploads\/sites\/21\/2025\/12\/Portal-UMCLA-300x147.png\" alt=\"\" width=\"300\" height=\"147\" srcset=\"https:\/\/portal.uab.pt\/uct\/wp-content\/uploads\/sites\/21\/2025\/12\/Portal-UMCLA-300x147.png 300w, https:\/\/portal.uab.pt\/uct\/wp-content\/uploads\/sites\/21\/2025\/12\/Portal-UMCLA.png 700w\" sizes=\"auto, (max-width: 300px) 100vw, 300px\" \/><\/p>","protected":false},"excerpt":{"rendered":"<p>O Centro Local de Aprendizagem (CLA) da Universidade Aberta em Cantanhede promoveu, em parceria com o Centro Qualifica do Agrupamento de Escolas \u00c1gueda Sul e com o apoio do Banco de Portugal \u2013 Delega\u00e7\u00e3o de Coimbra, uma sess\u00e3o de Literacia Financeira integrada na iniciativa nacional\u00a0\u201cSetembro, M\u00eas da Alfabetiza\u00e7\u00e3o e das Literacias\u201d. A a\u00e7\u00e3o teve como<a class=\"more-link\" href=\"https:\/\/portal.uab.pt\/uct\/sessao-de-literacia-financeira-reforca-competencias-para-uma-cidadania-informada\/\">Ler +<\/a><\/p>\n","protected":false},"author":252,"featured_media":4682,"comment_status":"closed","ping_status":"closed","sticky":false,"template":"","format":"standard","meta":{"footnotes":""},"categories":[8],"tags":[],"class_list":["post-4681","post","type-post","status-publish","format-standard","has-post-thumbnail","hentry","category-arquivo","post-thumb"],"_links":{"self":[{"href":"https:\/\/portal.uab.pt\/uct\/wp-json\/wp\/v2\/posts\/4681","targetHints":{"allow":["GET"]}}],"collection":[{"href":"https:\/\/portal.uab.pt\/uct\/wp-json\/wp\/v2\/posts"}],"about":[{"href":"https:\/\/portal.uab.pt\/uct\/wp-json\/wp\/v2\/types\/post"}],"author":[{"embeddable":true,"href":"https:\/\/portal.uab.pt\/uct\/wp-json\/wp\/v2\/users\/252"}],"replies":[{"embeddable":true,"href":"https:\/\/portal.uab.pt\/uct\/wp-json\/wp\/v2\/comments?post=4681"}],"version-history":[{"count":1,"href":"https:\/\/portal.uab.pt\/uct\/wp-json\/wp\/v2\/posts\/4681\/revisions"}],"predecessor-version":[{"id":4684,"href":"https:\/\/portal.uab.pt\/uct\/wp-json\/wp\/v2\/posts\/4681\/revisions\/4684"}],"wp:featuredmedia":[{"embeddable":true,"href":"https:\/\/portal.uab.pt\/uct\/wp-json\/wp\/v2\/media\/4682"}],"wp:attachment":[{"href":"https:\/\/portal.uab.pt\/uct\/wp-json\/wp\/v2\/media?parent=4681"}],"wp:term":[{"taxonomy":"category","embeddable":true,"href":"https:\/\/portal.uab.pt\/uct\/wp-json\/wp\/v2\/categories?post=4681"},{"taxonomy":"post_tag","embeddable":true,"href":"https:\/\/portal.uab.pt\/uct\/wp-json\/wp\/v2\/tags?post=4681"}],"curies":[{"name":"wp","href":"https:\/\/api.w.org\/{rel}","templated":true}]}}