{"id":4716,"date":"2025-12-01T13:53:21","date_gmt":"2025-12-01T13:53:21","guid":{"rendered":"https:\/\/portal.uab.pt\/umcla\/?p=4716"},"modified":"2025-12-10T13:53:32","modified_gmt":"2025-12-10T13:53:32","slug":"cla-marca-presenca-na-expomeda","status":"publish","type":"post","link":"https:\/\/portal.uab.pt\/uct\/cla-marca-presenca-na-expomeda\/","title":{"rendered":"CLA marca presen\u00e7a na ExpoM\u00eada"},"content":{"rendered":"<p>A 15.\u00aa edi\u00e7\u00e3o da ExpoM\u00eada teve in\u00edcio no dia 21 de novembro. A cerim\u00f3nia de abertura contou com a presen\u00e7a do Ministro da Presid\u00eancia, Dr. Ant\u00f3nio Leit\u00e3o Amaro, assim como de v\u00e1rios autarcas, representantes do poder local e regional e outras entidades convidadas. No discurso inaugural, o Presidente da C\u00e2mara Municipal de M\u00eada, Eng. C\u00e9sar Figueiredo, sublinhou o papel fundamental das juntas de freguesia como motores do desenvolvimento do concelho e real\u00e7ou a import\u00e2ncia da colabora\u00e7\u00e3o com o poder central, assinalada pela presen\u00e7a do ministro. Este certame tem como principais objetivos fomentar o desenvolvimento econ\u00f3mico do concelho de M\u00eada, oferecer aos visitantes a oportunidade de contactar com o melhor que se faz no Concelho e na Regi\u00e3o, proporcionar aos artes\u00e3os, produtores, comerciantes a oportunidade de divulgar e comercializar os seus produtos, divulgar t\u00e9cnicas de trabalho artesanal, produtos locais e regionais, com\u00e9rcio, ind\u00fastria e servi\u00e7os da regi\u00e3o, e tamb\u00e9m ser uma montra para as IPSS e associa\u00e7\u00f5es locais e regionais. A Universidade Aberta marcou mais uma vez presen\u00e7a com um stand institucional para divulga\u00e7\u00e3o da institui\u00e7\u00e3o e oferta pedag\u00f3gica.<\/p>\n<p><img loading=\"lazy\" decoding=\"async\" class=\"wp-image-4718 aligncenter\" src=\"https:\/\/portal.uab.pt\/umcla\/wp-content\/uploads\/sites\/21\/2025\/12\/4-1-300x147.png\" alt=\"\" width=\"400\" height=\"196\" srcset=\"https:\/\/portal.uab.pt\/uct\/wp-content\/uploads\/sites\/21\/2025\/12\/4-1-300x147.png 300w, https:\/\/portal.uab.pt\/uct\/wp-content\/uploads\/sites\/21\/2025\/12\/4-1.png 700w\" sizes=\"auto, (max-width: 400px) 100vw, 400px\" \/> <img loading=\"lazy\" decoding=\"async\" class=\"wp-image-4717 aligncenter\" src=\"https:\/\/portal.uab.pt\/umcla\/wp-content\/uploads\/sites\/21\/2025\/12\/3-4-300x147.png\" alt=\"\" width=\"400\" height=\"196\" srcset=\"https:\/\/portal.uab.pt\/uct\/wp-content\/uploads\/sites\/21\/2025\/12\/3-4-300x147.png 300w, https:\/\/portal.uab.pt\/uct\/wp-content\/uploads\/sites\/21\/2025\/12\/3-4.png 700w\" sizes=\"auto, (max-width: 400px) 100vw, 400px\" \/><\/p>","protected":false},"excerpt":{"rendered":"<p>A 15.\u00aa edi\u00e7\u00e3o da ExpoM\u00eada teve in\u00edcio no dia 21 de novembro. A cerim\u00f3nia de abertura contou com a presen\u00e7a do Ministro da Presid\u00eancia, Dr. Ant\u00f3nio Leit\u00e3o Amaro, assim como de v\u00e1rios autarcas, representantes do poder local e regional e outras entidades convidadas. No discurso inaugural, o Presidente da C\u00e2mara Municipal de M\u00eada, Eng. C\u00e9sar<a class=\"more-link\" href=\"https:\/\/portal.uab.pt\/uct\/cla-marca-presenca-na-expomeda\/\">Ler +<\/a><\/p>\n","protected":false},"author":252,"featured_media":4719,"comment_status":"closed","ping_status":"closed","sticky":false,"template":"","format":"standard","meta":{"footnotes":""},"categories":[8],"tags":[],"class_list":["post-4716","post","type-post","status-publish","format-standard","has-post-thumbnail","hentry","category-arquivo","post-thumb"],"_links":{"self":[{"href":"https:\/\/portal.uab.pt\/uct\/wp-json\/wp\/v2\/posts\/4716","targetHints":{"allow":["GET"]}}],"collection":[{"href":"https:\/\/portal.uab.pt\/uct\/wp-json\/wp\/v2\/posts"}],"about":[{"href":"https:\/\/portal.uab.pt\/uct\/wp-json\/wp\/v2\/types\/post"}],"author":[{"embeddable":true,"href":"https:\/\/portal.uab.pt\/uct\/wp-json\/wp\/v2\/users\/252"}],"replies":[{"embeddable":true,"href":"https:\/\/portal.uab.pt\/uct\/wp-json\/wp\/v2\/comments?post=4716"}],"version-history":[{"count":1,"href":"https:\/\/portal.uab.pt\/uct\/wp-json\/wp\/v2\/posts\/4716\/revisions"}],"predecessor-version":[{"id":4720,"href":"https:\/\/portal.uab.pt\/uct\/wp-json\/wp\/v2\/posts\/4716\/revisions\/4720"}],"wp:featuredmedia":[{"embeddable":true,"href":"https:\/\/portal.uab.pt\/uct\/wp-json\/wp\/v2\/media\/4719"}],"wp:attachment":[{"href":"https:\/\/portal.uab.pt\/uct\/wp-json\/wp\/v2\/media?parent=4716"}],"wp:term":[{"taxonomy":"category","embeddable":true,"href":"https:\/\/portal.uab.pt\/uct\/wp-json\/wp\/v2\/categories?post=4716"},{"taxonomy":"post_tag","embeddable":true,"href":"https:\/\/portal.uab.pt\/uct\/wp-json\/wp\/v2\/tags?post=4716"}],"curies":[{"name":"wp","href":"https:\/\/api.w.org\/{rel}","templated":true}]}}