{"id":4815,"date":"2026-02-03T11:15:13","date_gmt":"2026-02-03T11:15:13","guid":{"rendered":"https:\/\/portal.uab.pt\/umcla\/?p=4815"},"modified":"2026-02-03T11:15:20","modified_gmt":"2026-02-03T11:15:20","slug":"57a-sessao-do-clube-de-leitura-do-sabugal","status":"publish","type":"post","link":"https:\/\/portal.uab.pt\/uct\/57a-sessao-do-clube-de-leitura-do-sabugal\/","title":{"rendered":"57\u00aa sess\u00e3o do Clube de Leitura do Sabugal"},"content":{"rendered":"<p>Aconteceu, no dia 19 de janeiro, a 57\u00aa sess\u00e3o do Clube de Leitura do Sabugal, intitulada \u2018Av\u00f4 e Neto &#8211; Duas escritas, uma sess\u00e3o\u2019, na qual recebemos dois autores da mesma fam\u00edlia, mas de gera\u00e7\u00f5es diferentes.<\/p>\n<p>O encontro come\u00e7ou com o av\u00f4, Jos\u00e9 Ramajal Teixeira, de 92 anos, antigo capit\u00e3o da GNR, natural dos Forcalhos, que desde cedo guardou em cadernos hist\u00f3rias da terra, costumes da regi\u00e3o, poemas e mem\u00f3rias do quotidiano rural. Esses escritos, simples e intemporais, deram origem ao livro \u201cO Canto da Raia\u201d (2025), uma dupla refer\u00eancia ao canto po\u00e9tico que comp\u00f5e a primeira parte da obra e ao canto geogr\u00e1fico formado pelos Forcalhos junto \u00e0 fronteira com Espanha.<\/p>\n<p>De seguida, foi a vez do neto, Miguel Teixeira Louren\u00e7o, de 36 anos, falar de uma experi\u00eancia de vida transformadora que atravessou recentemente. No seu livro \u201cFilosofia Popular de Sobreviv\u00eancia ao Cancro\u201d (2025), reflete sobre a doen\u00e7a oncol\u00f3gica e a necess\u00e1ria reconstru\u00e7\u00e3o pessoal. Com o p\u00fablico, partilhou de jeito leve e descontra\u00eddo mem\u00f3rias e reflex\u00f5es pessoais sobre a luta contra a doen\u00e7a e sobre a nova perspetiva de vida ap\u00f3s o diagn\u00f3stico.<\/p>\n<p>Neste encontro, av\u00f4 e neto entregaram-se \u00e0 conversa com generosidade e espontaneidade, contribuindo para um momento emotivo e caloroso, saudado pelos participantes. Demonstraram, cada um \u00e0 sua maneira, que as palavras d\u00e3o forma \u00e0 verdade de cada experi\u00eancia vivida e que a escrita estabelece liga\u00e7\u00f5es entre gera\u00e7\u00f5es.<\/p>\n<p>O Clube de Leitura do Sabugal \u00e9 uma organiza\u00e7\u00e3o conjunta do Centro Local de Aprendizagem (CLA) da Universidade Aberta e do Munic\u00edpio do Sabugal.<\/p>\n<p><img loading=\"lazy\" decoding=\"async\" class=\"wp-image-4817 aligncenter\" src=\"https:\/\/portal.uab.pt\/umcla\/wp-content\/uploads\/sites\/21\/2026\/02\/2-2-300x147.png\" alt=\"\" width=\"510\" height=\"250\" srcset=\"https:\/\/portal.uab.pt\/uct\/wp-content\/uploads\/sites\/21\/2026\/02\/2-2-300x147.png 300w, https:\/\/portal.uab.pt\/uct\/wp-content\/uploads\/sites\/21\/2026\/02\/2-2.png 700w\" sizes=\"auto, (max-width: 510px) 100vw, 510px\" \/><\/p>","protected":false},"excerpt":{"rendered":"<p>57\u00aa sess\u00e3o do Clube de Leitura do Sabugal<\/p>\n","protected":false},"author":252,"featured_media":4816,"comment_status":"closed","ping_status":"closed","sticky":false,"template":"","format":"standard","meta":{"footnotes":""},"categories":[8],"tags":[],"class_list":["post-4815","post","type-post","status-publish","format-standard","has-post-thumbnail","hentry","category-arquivo","post-thumb"],"_links":{"self":[{"href":"https:\/\/portal.uab.pt\/uct\/wp-json\/wp\/v2\/posts\/4815","targetHints":{"allow":["GET"]}}],"collection":[{"href":"https:\/\/portal.uab.pt\/uct\/wp-json\/wp\/v2\/posts"}],"about":[{"href":"https:\/\/portal.uab.pt\/uct\/wp-json\/wp\/v2\/types\/post"}],"author":[{"embeddable":true,"href":"https:\/\/portal.uab.pt\/uct\/wp-json\/wp\/v2\/users\/252"}],"replies":[{"embeddable":true,"href":"https:\/\/portal.uab.pt\/uct\/wp-json\/wp\/v2\/comments?post=4815"}],"version-history":[{"count":1,"href":"https:\/\/portal.uab.pt\/uct\/wp-json\/wp\/v2\/posts\/4815\/revisions"}],"predecessor-version":[{"id":4818,"href":"https:\/\/portal.uab.pt\/uct\/wp-json\/wp\/v2\/posts\/4815\/revisions\/4818"}],"wp:featuredmedia":[{"embeddable":true,"href":"https:\/\/portal.uab.pt\/uct\/wp-json\/wp\/v2\/media\/4816"}],"wp:attachment":[{"href":"https:\/\/portal.uab.pt\/uct\/wp-json\/wp\/v2\/media?parent=4815"}],"wp:term":[{"taxonomy":"category","embeddable":true,"href":"https:\/\/portal.uab.pt\/uct\/wp-json\/wp\/v2\/categories?post=4815"},{"taxonomy":"post_tag","embeddable":true,"href":"https:\/\/portal.uab.pt\/uct\/wp-json\/wp\/v2\/tags?post=4815"}],"curies":[{"name":"wp","href":"https:\/\/api.w.org\/{rel}","templated":true}]}}