{"id":4826,"date":"2025-12-03T08:05:34","date_gmt":"2025-12-03T08:05:34","guid":{"rendered":"https:\/\/portal.uab.pt\/umcla\/?p=4826"},"modified":"2026-02-03T11:48:03","modified_gmt":"2026-02-03T11:48:03","slug":"fotografia-fotogrametria-e-digitalizacao-3d-ferramentas-de-investigacao-e-divulgacao-do-patrimonio-artistico-2","status":"publish","type":"post","link":"https:\/\/portal.uab.pt\/uct\/fotografia-fotogrametria-e-digitalizacao-3d-ferramentas-de-investigacao-e-divulgacao-do-patrimonio-artistico-2\/","title":{"rendered":"Fotografia, fotogrametria e digitaliza\u00e7\u00e3o 3D: ferramentas de investiga\u00e7\u00e3o e divulga\u00e7\u00e3o do patrim\u00f3nio art\u00edstico"},"content":{"rendered":"<p><span data-contrast=\"auto\">O IV Ciclo de Palestras \u201cInvestiga\u00e7\u00e3o e Comunica\u00e7\u00e3o Cient\u00edfica no Ensino Superior\u201d\u00a0com comiss\u00e3o cient\u00edfica da\u00a0Professora Carla Alexandra Gon\u00e7alves\u00a0(Departamento de Ci\u00eancias Sociais e Gest\u00e3o)\u00a0e do Professor Paulo Nunes da Silva\u00a0(Departamento de Humanidades da UAb)\u00a0foi\u00a0coorganizado\u00a0pelos Centros Locais de Aprendizagem da Zona Centro (Abrantes, Ansi\u00e3o, Cantanhede, M\u00eada e Sabugal).\u00a0<\/span><span data-ccp-props=\"{&quot;201341983&quot;:0,&quot;335551550&quot;:6,&quot;335551620&quot;:6,&quot;335559740&quot;:360}\">\u00a0<\/span><\/p>\n<p><span data-contrast=\"auto\">A sess\u00e3o\u00a0&#8220;Fotografia, fotogrametria e digitaliza\u00e7\u00e3o 3D: ferramentas de investiga\u00e7\u00e3o e divulga\u00e7\u00e3o do patrim\u00f3nio art\u00edstico&#8221;\u00a0abriu este Ciclo\u00a0e esteve a cargo de\u00a0Gabriel Pereira, Douturando em Hist\u00f3ria de Arte na Faculdade de Letras e Artes da UC, convidado pela comiss\u00e3o cient\u00edfica do referido Ciclo (docentes Carla Gon\u00e7alves &#8211;\u00a0UAb\/ CEAACP-UC\u00a0e Paulo Silva &#8211; UAb\/CELGA-ILTEC\u00a0). O investigador abordou\u00a0&#8220;conceitos b\u00e1sicos de fotografia e a import\u00e2ncia da imagem na investiga\u00e7\u00e3o e comunica\u00e7\u00e3o cient\u00edfica.&#8221; Apresentou, tamb\u00e9m, casos de estudo para mostrar como a fotografia \u00e9 utilizada no acesso ao patrim\u00f3nio e \u00e0 visualiza\u00e7\u00e3o pormenorizada de edif\u00edcios, est\u00e1tuas, pinturas, etc. &#8211; uso de drones,\u00a0constru\u00e7\u00e3o de modelos fotogram\u00e9tricos e digitaliza\u00e7\u00e3o 3D.<\/span><span data-ccp-props=\"{&quot;201341983&quot;:0,&quot;335551550&quot;:6,&quot;335551620&quot;:6,&quot;335559685&quot;:-5,&quot;335559731&quot;:5,&quot;335559739&quot;:0,&quot;335559740&quot;:360}\">\u00a0<\/span><\/p>\n<p><img loading=\"lazy\" decoding=\"async\" class=\"alignnone wp-image-4830\" src=\"https:\/\/portal.uab.pt\/umcla\/wp-content\/uploads\/sites\/21\/2026\/02\/AC_1-300x147.png\" alt=\"\" width=\"386\" height=\"189\" srcset=\"https:\/\/portal.uab.pt\/uct\/wp-content\/uploads\/sites\/21\/2026\/02\/AC_1-300x147.png 300w, https:\/\/portal.uab.pt\/uct\/wp-content\/uploads\/sites\/21\/2026\/02\/AC_1.png 700w\" sizes=\"auto, (max-width: 386px) 100vw, 386px\" \/> <img loading=\"lazy\" decoding=\"async\" class=\"alignnone wp-image-4831\" src=\"https:\/\/portal.uab.pt\/umcla\/wp-content\/uploads\/sites\/21\/2026\/02\/AC_2-300x147.png\" alt=\"\" width=\"382\" height=\"187\" srcset=\"https:\/\/portal.uab.pt\/uct\/wp-content\/uploads\/sites\/21\/2026\/02\/AC_2-300x147.png 300w, https:\/\/portal.uab.pt\/uct\/wp-content\/uploads\/sites\/21\/2026\/02\/AC_2.png 700w\" sizes=\"auto, (max-width: 382px) 100vw, 382px\" \/> <img loading=\"lazy\" decoding=\"async\" class=\"alignnone wp-image-4832\" src=\"https:\/\/portal.uab.pt\/umcla\/wp-content\/uploads\/sites\/21\/2026\/02\/AC_3-300x147.png\" alt=\"\" width=\"392\" height=\"192\" srcset=\"https:\/\/portal.uab.pt\/uct\/wp-content\/uploads\/sites\/21\/2026\/02\/AC_3-300x147.png 300w, https:\/\/portal.uab.pt\/uct\/wp-content\/uploads\/sites\/21\/2026\/02\/AC_3.png 700w\" sizes=\"auto, (max-width: 392px) 100vw, 392px\" \/><\/p>","protected":false},"excerpt":{"rendered":"<p>Fotografia, fotogrametria e digitaliza\u00e7\u00e3o 3D: ferramentas de investiga\u00e7\u00e3o e divulga\u00e7\u00e3o do patrim\u00f3nio art\u00edstico<\/p>\n","protected":false},"author":252,"featured_media":4675,"comment_status":"closed","ping_status":"closed","sticky":false,"template":"","format":"standard","meta":{"footnotes":""},"categories":[8],"tags":[],"class_list":["post-4826","post","type-post","status-publish","format-standard","has-post-thumbnail","hentry","category-arquivo","post-thumb"],"_links":{"self":[{"href":"https:\/\/portal.uab.pt\/uct\/wp-json\/wp\/v2\/posts\/4826","targetHints":{"allow":["GET"]}}],"collection":[{"href":"https:\/\/portal.uab.pt\/uct\/wp-json\/wp\/v2\/posts"}],"about":[{"href":"https:\/\/portal.uab.pt\/uct\/wp-json\/wp\/v2\/types\/post"}],"author":[{"embeddable":true,"href":"https:\/\/portal.uab.pt\/uct\/wp-json\/wp\/v2\/users\/252"}],"replies":[{"embeddable":true,"href":"https:\/\/portal.uab.pt\/uct\/wp-json\/wp\/v2\/comments?post=4826"}],"version-history":[{"count":1,"href":"https:\/\/portal.uab.pt\/uct\/wp-json\/wp\/v2\/posts\/4826\/revisions"}],"predecessor-version":[{"id":4833,"href":"https:\/\/portal.uab.pt\/uct\/wp-json\/wp\/v2\/posts\/4826\/revisions\/4833"}],"wp:featuredmedia":[{"embeddable":true,"href":"https:\/\/portal.uab.pt\/uct\/wp-json\/wp\/v2\/media\/4675"}],"wp:attachment":[{"href":"https:\/\/portal.uab.pt\/uct\/wp-json\/wp\/v2\/media?parent=4826"}],"wp:term":[{"taxonomy":"category","embeddable":true,"href":"https:\/\/portal.uab.pt\/uct\/wp-json\/wp\/v2\/categories?post=4826"},{"taxonomy":"post_tag","embeddable":true,"href":"https:\/\/portal.uab.pt\/uct\/wp-json\/wp\/v2\/tags?post=4826"}],"curies":[{"name":"wp","href":"https:\/\/api.w.org\/{rel}","templated":true}]}}