{"id":98,"date":"2025-01-27T10:54:33","date_gmt":"2025-01-27T10:54:33","guid":{"rendered":"http:\/\/portal.uab.pt\/cla\/?p=98"},"modified":"2025-10-01T08:51:12","modified_gmt":"2025-10-01T08:51:12","slug":"meda","status":"publish","type":"post","link":"https:\/\/portal.uab.pt\/uct\/meda\/","title":{"rendered":"M\u00eada"},"content":{"rendered":"<p><\/p>\n<h3 style=\"text-align: center\"><img loading=\"lazy\" decoding=\"async\" class=\"\" src=\"https:\/\/i0.wp.com\/ointerior.pt\/wp-content\/uploads\/2019\/11\/01f.01.Meda_.jpg?fit=640%2C348&amp;ssl=1\" alt=\"M\u00eada comemora feriado municipal - Jornal o Interior\" width=\"370\" height=\"201\" \/><\/h3>\n<hr \/>\n<p><strong>Contactos<\/strong><br \/>\nCoordenador: <strong>Manuela Ramos Oliveira\u00a0<\/strong><br \/>\nMorada do CLA:\u00a0 Casa Municipal da Cultura | Rua Cidade Nova | 6430-102 M\u00eada<br \/>\nTelem\u00f3vel: (+351) 915 676 358<br \/>\nTelefone: (+351) 279 883 525<br \/>\nCorreio eletr\u00f3nico:\u00a0<strong>CLA.Meda@uab.pt<\/strong><\/p>\n<p><strong>\u00c1rea de abrang\u00eancia do CLA<\/strong><br \/>\n| Aguiar da Beira | Carrazeda de Ansi\u00e3es | Celorico da Beira | Figueira de Castelo Rodrigo | Fornos de Algodres | Freixo de Espada \u00e0 Cinta | M\u00eada | Penedono | Pinhel | S\u00e3o Jo\u00e3o da Pesqueira | Sernancelhe | Torre de Moncorvo | Trancoso | Vila Nova de Paiva | Vila Nova de Voz C\u00f4a |<\/p>\n<p><strong>Local de Provas Presenciais<\/strong><br \/>\nRua Cidade Nova | 6430-102 M\u00eada<\/p>\n<p><strong>Hor\u00e1rio<\/strong> | | Nas \u00e9pocas de exame o hor\u00e1rio de funcionamento do CLA pode sofrer altera\u00e7\u00f5es |<br \/>\nSegunda a Sexta-feira | 09h00 \u00e0s 15h00 |<\/p>\n<p><\/p>","protected":false},"excerpt":{"rendered":"<p>Contactos Coordenador: Manuela Ramos Oliveira\u00a0 Morada do CLA:\u00a0 Casa Municipal da Cultura | Rua Cidade Nova | 6430-102 M\u00eada Telem\u00f3vel: (+351) 915 676 358 Telefone: (+351) 279 883 525 Correio eletr\u00f3nico:\u00a0CLA.Meda@uab.pt \u00c1rea de abrang\u00eancia do CLA | Aguiar da Beira | Carrazeda de Ansi\u00e3es | Celorico da Beira | Figueira de Castelo Rodrigo | Fornos<a class=\"more-link\" href=\"https:\/\/portal.uab.pt\/uct\/meda\/\">Ler +<\/a><\/p>\n","protected":false},"author":209,"featured_media":1281,"comment_status":"closed","ping_status":"closed","sticky":false,"template":"","format":"standard","meta":{"footnotes":""},"categories":[7],"tags":[],"class_list":["post-98","post","type-post","status-publish","format-standard","has-post-thumbnail","hentry","category-cla","post-thumb"],"_links":{"self":[{"href":"https:\/\/portal.uab.pt\/uct\/wp-json\/wp\/v2\/posts\/98","targetHints":{"allow":["GET"]}}],"collection":[{"href":"https:\/\/portal.uab.pt\/uct\/wp-json\/wp\/v2\/posts"}],"about":[{"href":"https:\/\/portal.uab.pt\/uct\/wp-json\/wp\/v2\/types\/post"}],"author":[{"embeddable":true,"href":"https:\/\/portal.uab.pt\/uct\/wp-json\/wp\/v2\/users\/209"}],"replies":[{"embeddable":true,"href":"https:\/\/portal.uab.pt\/uct\/wp-json\/wp\/v2\/comments?post=98"}],"version-history":[{"count":8,"href":"https:\/\/portal.uab.pt\/uct\/wp-json\/wp\/v2\/posts\/98\/revisions"}],"predecessor-version":[{"id":4567,"href":"https:\/\/portal.uab.pt\/uct\/wp-json\/wp\/v2\/posts\/98\/revisions\/4567"}],"wp:featuredmedia":[{"embeddable":true,"href":"https:\/\/portal.uab.pt\/uct\/wp-json\/wp\/v2\/media\/1281"}],"wp:attachment":[{"href":"https:\/\/portal.uab.pt\/uct\/wp-json\/wp\/v2\/media?parent=98"}],"wp:term":[{"taxonomy":"category","embeddable":true,"href":"https:\/\/portal.uab.pt\/uct\/wp-json\/wp\/v2\/categories?post=98"},{"taxonomy":"post_tag","embeddable":true,"href":"https:\/\/portal.uab.pt\/uct\/wp-json\/wp\/v2\/tags?post=98"}],"curies":[{"name":"wp","href":"https:\/\/api.w.org\/{rel}","templated":true}]}}